{"id":9977,"date":"2015-10-13T09:35:35","date_gmt":"2015-10-13T09:35:35","guid":{"rendered":"https:\/\/www.sanserif.es\/las-provincias-los-artesanos-se-abren-camino-en-las-fallas\/"},"modified":"2022-07-12T09:14:23","modified_gmt":"2022-07-12T09:14:23","slug":"las-provincias-los-artesanos-se-abren-camino-en-las-fallas","status":"publish","type":"post","link":"https:\/\/www.sanserif.es\/en\/las-provincias-los-artesanos-se-abren-camino-en-las-fallas\/","title":{"rendered":"Las Provincias: Artisans make their way into Fallas"},"content":{"rendered":"<p><a href=\"http:\/\/www.sanserif.es\/wp-content\/uploads\/2015\/10\/lp13-10-15.jpg\"><img loading=\"lazy\" class=\"alignnone size-full wp-image-6986\" src=\"http:\/\/www.sanserif.es\/wp-content\/uploads\/2015\/10\/lp13-10-15.jpg\" alt=\"LP13-10-15\" width=\"460\" height=\"345\" srcset=\"https:\/\/www.sanserif.es\/wp-content\/uploads\/2015\/10\/lp13-10-15.jpg 600w, https:\/\/www.sanserif.es\/wp-content\/uploads\/2015\/10\/lp13-10-15-300x225.jpg 300w\" sizes=\"(max-width: 460px) 100vw, 460px\" \/><\/a><\/p>\n<p><span style=\"color: #3366ff;\">Las Provincias \u00b7 13\/10\/2015<\/span><\/p>\n<p><strong>Extract:<\/strong><em> (\u00b7\u00b7\u00b7) A firm specialized in design such as Sanserif Creatius has also chose to open a market in <\/em>Fallas<em>. Together with the design of Ana Yago and the hands of the craftsman Alfonso Torres, they have opted for tablet and smartphone cases made with Valencian silk. &#8220;We wanted to find new uses for handmade products and as everyone carries tablets or mobiles with impersonal cases, we reached a master shoemaker for the \u2018Moors and Christians\u2019 festival to sew the cases,&#8221; says Jos\u00e9 Antonio Gim\u00e9nez. They have also brought out a line of jewelry in gold, silver or rose gold with Torrent\u00ed and Valencian pictograms for cufflinks, tie pins, pendants or brooches designed by Ana Yago and produced by the craftsman Jos\u00e9 Mar\u00edn (\u00b7\u00b7\u00b7)<\/em><\/p>\n<p>More info in <a href=\"http:\/\/www.lasprovincias.es\/fiestas-tradiciones\/201510\/13\/artesanos-abren-camino-fallas-20151012224051-v.html\">Las Provincias<\/a><\/p>\n","protected":false},"excerpt":{"rendered":"<p>Las Provincias \u00b7 13\/10\/2015 Extract: (\u00b7\u00b7\u00b7) A firm specialized in design such as Sanserif Creatius has also chose to open a market in Fallas. Together with the design of Ana Yago and the hands of the craftsman Alfonso Torres, they have opted for tablet and&#8230;<\/p>\n","protected":false},"author":2,"featured_media":9975,"comment_status":"open","ping_status":"open","sticky":false,"template":"","format":"standard","meta":[],"categories":[2942,2946,2088,2963],"tags":[3435,3028,3410,3432,3437,2913,3414,3438,2068,3416,3439,3417],"_links":{"self":[{"href":"https:\/\/www.sanserif.es\/en\/wp-json\/wp\/v2\/posts\/9977"}],"collection":[{"href":"https:\/\/www.sanserif.es\/en\/wp-json\/wp\/v2\/posts"}],"about":[{"href":"https:\/\/www.sanserif.es\/en\/wp-json\/wp\/v2\/types\/post"}],"author":[{"embeddable":true,"href":"https:\/\/www.sanserif.es\/en\/wp-json\/wp\/v2\/users\/2"}],"replies":[{"embeddable":true,"href":"https:\/\/www.sanserif.es\/en\/wp-json\/wp\/v2\/comments?post=9977"}],"version-history":[{"count":1,"href":"https:\/\/www.sanserif.es\/en\/wp-json\/wp\/v2\/posts\/9977\/revisions"}],"predecessor-version":[{"id":9978,"href":"https:\/\/www.sanserif.es\/en\/wp-json\/wp\/v2\/posts\/9977\/revisions\/9978"}],"wp:featuredmedia":[{"embeddable":true,"href":"https:\/\/www.sanserif.es\/en\/wp-json\/wp\/v2\/media\/9975"}],"wp:attachment":[{"href":"https:\/\/www.sanserif.es\/en\/wp-json\/wp\/v2\/media?parent=9977"}],"wp:term":[{"taxonomy":"category","embeddable":true,"href":"https:\/\/www.sanserif.es\/en\/wp-json\/wp\/v2\/categories?post=9977"},{"taxonomy":"post_tag","embeddable":true,"href":"https:\/\/www.sanserif.es\/en\/wp-json\/wp\/v2\/tags?post=9977"}],"curies":[{"name":"wp","href":"https:\/\/api.w.org\/{rel}","templated":true}]}}