{"id":9916,"date":"2022-04-09T18:27:38","date_gmt":"2022-04-09T18:27:38","guid":{"rendered":"https:\/\/www.sanserif.es\/el-color-blanco-es-el-comodin-perfecto\/"},"modified":"2022-07-04T19:01:22","modified_gmt":"2022-07-04T19:01:22","slug":"el-color-blanco-es-el-comodin-perfecto","status":"publish","type":"post","link":"https:\/\/www.sanserif.es\/en\/el-color-blanco-es-el-comodin-perfecto\/","title":{"rendered":"White is the perfect wildcard"},"content":{"rendered":"<p>White is the perfect wildcard: bright, it combines with all colors and styles, and it opens spaces up. What else could we ask for?<\/p>\n<p>It\u2019s always a great option to start with white when you want to create from scratch a new space since it\u2019s a timeless color, very versatile and it even evokes the feeling of cleanliness which is perfect for any kind of decoration \u2015specially in kitchens and bathrooms.<\/p>\n<p>At \ud83d\udcf2 <a href=\"http:\/\/www.sanserif.es\/\">www.sanserif.es<\/a> we can show you how.<\/p>\n<p>#unaimagenvalemasquemilpalabras #inspireideas #sanserifcreatius #dise\u00f1o #design #madeinspain #decoraci\u00f3n #interiorismo #espaciosqueamo #espaciosparaservividos #blanco #cocinas #ba\u00f1os<\/p>\n","protected":false},"excerpt":{"rendered":"<p>White is the perfect wildcard: bright, it combines with all colors and styles, and it opens spaces up. What else could we ask for? It\u2019s always a great option to start with white when you want to create from scratch a new space since it\u2019s&#8230;<\/p>\n","protected":false},"author":2,"featured_media":9716,"comment_status":"closed","ping_status":"open","sticky":false,"template":"","format":"standard","meta":[],"categories":[2235,2965],"tags":[3028,3381,3377,3373,3379,2068,2069,3375,1266],"_links":{"self":[{"href":"https:\/\/www.sanserif.es\/en\/wp-json\/wp\/v2\/posts\/9916"}],"collection":[{"href":"https:\/\/www.sanserif.es\/en\/wp-json\/wp\/v2\/posts"}],"about":[{"href":"https:\/\/www.sanserif.es\/en\/wp-json\/wp\/v2\/types\/post"}],"author":[{"embeddable":true,"href":"https:\/\/www.sanserif.es\/en\/wp-json\/wp\/v2\/users\/2"}],"replies":[{"embeddable":true,"href":"https:\/\/www.sanserif.es\/en\/wp-json\/wp\/v2\/comments?post=9916"}],"version-history":[{"count":2,"href":"https:\/\/www.sanserif.es\/en\/wp-json\/wp\/v2\/posts\/9916\/revisions"}],"predecessor-version":[{"id":9918,"href":"https:\/\/www.sanserif.es\/en\/wp-json\/wp\/v2\/posts\/9916\/revisions\/9918"}],"wp:featuredmedia":[{"embeddable":true,"href":"https:\/\/www.sanserif.es\/en\/wp-json\/wp\/v2\/media\/9716"}],"wp:attachment":[{"href":"https:\/\/www.sanserif.es\/en\/wp-json\/wp\/v2\/media?parent=9916"}],"wp:term":[{"taxonomy":"category","embeddable":true,"href":"https:\/\/www.sanserif.es\/en\/wp-json\/wp\/v2\/categories?post=9916"},{"taxonomy":"post_tag","embeddable":true,"href":"https:\/\/www.sanserif.es\/en\/wp-json\/wp\/v2\/tags?post=9916"}],"curies":[{"name":"wp","href":"https:\/\/api.w.org\/{rel}","templated":true}]}}