{"id":9787,"date":"2019-08-14T10:23:08","date_gmt":"2019-08-14T10:23:08","guid":{"rendered":"https:\/\/www.sanserif.es\/predicciones-electorales-cumplidas\/"},"modified":"2022-06-27T17:32:38","modified_gmt":"2022-06-27T17:32:38","slug":"predicciones-electorales-cumplidas","status":"publish","type":"post","link":"https:\/\/www.sanserif.es\/en\/predicciones-electorales-cumplidas\/","title":{"rendered":"Electoral predictions fulfilled?"},"content":{"rendered":"<p><iframe loading=\"lazy\" title=\"S\u00e1nchez en solitario\" width=\"1060\" height=\"596\" src=\"https:\/\/www.youtube.com\/embed\/djZQTkIEzJ8?feature=oembed\" frameborder=\"0\" allow=\"accelerometer; autoplay; clipboard-write; encrypted-media; gyroscope; picture-in-picture\" allowfullscreen><\/iframe><\/p>\n<p>They say time will tell.\u00a0Of course, it gives to some, and it takes from others. They say the same about a stopped clock: it is right twice a day.<\/p>\n<p>This time luck has been on my side. As in the Levante TV\u2019s national elections special on the 28<sup>th<\/sup> of April, Joan Carles Mart\u00ed gave the first hints on the formation needed by Pedro S\u00e1nchez in order to remain in La Moncloa, I reiterated. I had already done it on several occasions for Silvia Tom\u00e1s\u2019 discussion on Primera P\u00e1gina, when it had been stated that, if S\u00e1nchez dared governing with little more than 80 deputies, than he would surely try with 123 seats backing his position. I think, by that day, the president had already showed to have moral and discursive flexibility to do and say what was necessary in order to be invested and hold on to his seat until he would have been dismissed by the ruthless reality of the ballot box or ousted by his own party. Everything is possible in politics nowadays.<\/p>\n<p>By now, two out of two electoral forecasts have been fulfilled: the orange party Comprom\u00eds has won in Valencia and S\u00e1nchez decided to dive into the water with just 123 deputies while aligning with whomever, as long as it will be a socialist government.<\/p>\n<p>It\u2019s going to be an interesting summer.<\/p>\n<p>#sanchezcastejon #28A #levantetv #radio #primerapagina #977radio #levanteemv #elecciones #pol\u00edtica #actualidad #investidura<\/p>\n","protected":false},"excerpt":{"rendered":"<p>They say time will tell.\u00a0Of course, it gives to some, and it takes from others. They say the same about a stopped clock: it is right twice a day. This time luck has been on my side. As in the Levante TV\u2019s national elections special&#8230;<\/p>\n","protected":false},"author":2,"featured_media":8292,"comment_status":"closed","ping_status":"open","sticky":false,"template":"","format":"standard","meta":[],"categories":[2236],"tags":[3306,2352,3307,2389,3305,2300,3308,2587,3309],"_links":{"self":[{"href":"https:\/\/www.sanserif.es\/en\/wp-json\/wp\/v2\/posts\/9787"}],"collection":[{"href":"https:\/\/www.sanserif.es\/en\/wp-json\/wp\/v2\/posts"}],"about":[{"href":"https:\/\/www.sanserif.es\/en\/wp-json\/wp\/v2\/types\/post"}],"author":[{"embeddable":true,"href":"https:\/\/www.sanserif.es\/en\/wp-json\/wp\/v2\/users\/2"}],"replies":[{"embeddable":true,"href":"https:\/\/www.sanserif.es\/en\/wp-json\/wp\/v2\/comments?post=9787"}],"version-history":[{"count":2,"href":"https:\/\/www.sanserif.es\/en\/wp-json\/wp\/v2\/posts\/9787\/revisions"}],"predecessor-version":[{"id":9789,"href":"https:\/\/www.sanserif.es\/en\/wp-json\/wp\/v2\/posts\/9787\/revisions\/9789"}],"wp:featuredmedia":[{"embeddable":true,"href":"https:\/\/www.sanserif.es\/en\/wp-json\/wp\/v2\/media\/8292"}],"wp:attachment":[{"href":"https:\/\/www.sanserif.es\/en\/wp-json\/wp\/v2\/media?parent=9787"}],"wp:term":[{"taxonomy":"category","embeddable":true,"href":"https:\/\/www.sanserif.es\/en\/wp-json\/wp\/v2\/categories?post=9787"},{"taxonomy":"post_tag","embeddable":true,"href":"https:\/\/www.sanserif.es\/en\/wp-json\/wp\/v2\/tags?post=9787"}],"curies":[{"name":"wp","href":"https:\/\/api.w.org\/{rel}","templated":true}]}}