{"id":9696,"date":"2011-08-22T04:24:13","date_gmt":"2011-08-22T04:24:13","guid":{"rendered":"https:\/\/www.sanserif.es\/diario-design-renovacion-en-el-parador-de-caceres-un-palacio-para-caballeros-contemporaneos\/"},"modified":"2022-05-23T18:08:11","modified_gmt":"2022-05-23T18:08:11","slug":"diario-design-renovacion-en-el-parador-de-caceres-un-palacio-para-caballeros-contemporaneos","status":"publish","type":"post","link":"https:\/\/www.sanserif.es\/en\/diario-design-renovacion-en-el-parador-de-caceres-un-palacio-para-caballeros-contemporaneos\/","title":{"rendered":"DiarioDESIGN: Renovation of the National Parador of C\u00e1ceres, a palace to the contemporary gentlemen"},"content":{"rendered":"<p style=\"text-align: justify;\">A soothing and eco-friendly option to enjoy the summertime. This is the last idea the <a href=\"http:\/\/www.sanserif.es\">Sanserif Creatius&#8217;s<\/a> Communications Director, Jos\u00e9 Antonio Gim\u00e9nez, has proposed in the <a href=\"http:\/\/diariodesign.com\/2011\/07\/renovacion-en-el-parador-de-caceres-un-palacio-para-caballeros-contemporaneos\">diarioDESIGN<\/a>. The renewal of the National Parador of C\u00e1ceres (<a href=\"http:\/\/www.parador.es\/es\/parador-de-caceres\">Parador de C\u00e1ceres<\/a>) along with the presence of the Ana Yago\u2019s Valentina chairs (<a href=\"http:\/\/www.sanserif.es\/producto.php?id=98\">sillas Valentina<\/a>) are the focal point of this article.<\/p>\n<p style=\"text-align: justify;\"><span style=\"font-size: x-small;\"><span style=\"font-family: Century Gothic;\"><a href=\"http:\/\/www.sanserif.es\/wp-content\/uploads\/2011\/08\/diariodesign-23-7-2011.jpg\"><img loading=\"lazy\" class=\"alignnone size-full wp-image-3090\" title=\"diarioDesign 23-7-2011\" src=\"http:\/\/www.sanserif.es\/wp-content\/uploads\/2011\/08\/diariodesign-23-7-2011.jpg\" alt=\"\" width=\"460\" height=\"277\" srcset=\"https:\/\/www.sanserif.es\/wp-content\/uploads\/2011\/08\/diariodesign-23-7-2011.jpg 600w, https:\/\/www.sanserif.es\/wp-content\/uploads\/2011\/08\/diariodesign-23-7-2011-300x181.jpg 300w\" sizes=\"(max-width: 460px) 100vw, 460px\" \/><\/a><\/span><\/span><\/p>\n<p style=\"text-align: justify;\"><span style=\"color: #3366ff;\">diarioDESIGN \u00b7 Valentina en Parador de C\u00e1ceres<\/span><\/p>\n<p style=\"text-align: justify;\"><span style=\"color: #808080;\"><strong>Extract from the piece of news: <\/strong><\/span><em>Two cardboard seats just like thrones lit up with Led spotlights situated on the roof are the beautiful framework of a wooden viewpoint settled on a baked clay floor. This is one of the many pictures the renewed decoration of the National Parador of C\u00e1ceres leaves us with. A very harmonious group integrated for two gothic palaces. And thanks to the work of the interior decorators\u2019 crew of both Paradores and El Corte Ingl\u00e9s the new parador preserves just the right hints of what its origins were without, of course, causing any trouble on the calmness and the comfort the visitors deserve.<\/em><\/p>\n<p style=\"text-align: justify;\"><em>After almost two years of construction, this last April the spot transformed in a hotel establishment in 1989 was finally opened. Both the new distribution and the decoration attempt to blend past and vanguardism maintaining the historic retails of the building. Hence, by walking through the rooms you spot jousting armours, paving courtyards or even the tapestry that survived among the years. This way we get to know an example of how sustainability and history are two concepts that can work together.<\/em><\/p>\n","protected":false},"excerpt":{"rendered":"<p>A soothing and eco-friendly option to enjoy the summertime. This is the last idea the Sanserif Creatius&#8217;s Communications Director, Jos\u00e9 Antonio Gim\u00e9nez, has proposed in the diarioDESIGN. The renewal of the National Parador of C\u00e1ceres (Parador de C\u00e1ceres) along with the presence of the Ana&#8230;<\/p>\n","protected":false},"author":2,"featured_media":7783,"comment_status":"open","ping_status":"open","sticky":false,"template":"","format":"standard","meta":[],"categories":[2945,3229,2088,2957,2955,2965,2277],"tags":[3028,3241,3254,3230,3242,2902,3243,2105,3231,2913,3255,2068,3256,3257],"_links":{"self":[{"href":"https:\/\/www.sanserif.es\/en\/wp-json\/wp\/v2\/posts\/9696"}],"collection":[{"href":"https:\/\/www.sanserif.es\/en\/wp-json\/wp\/v2\/posts"}],"about":[{"href":"https:\/\/www.sanserif.es\/en\/wp-json\/wp\/v2\/types\/post"}],"author":[{"embeddable":true,"href":"https:\/\/www.sanserif.es\/en\/wp-json\/wp\/v2\/users\/2"}],"replies":[{"embeddable":true,"href":"https:\/\/www.sanserif.es\/en\/wp-json\/wp\/v2\/comments?post=9696"}],"version-history":[{"count":2,"href":"https:\/\/www.sanserif.es\/en\/wp-json\/wp\/v2\/posts\/9696\/revisions"}],"predecessor-version":[{"id":9698,"href":"https:\/\/www.sanserif.es\/en\/wp-json\/wp\/v2\/posts\/9696\/revisions\/9698"}],"wp:featuredmedia":[{"embeddable":true,"href":"https:\/\/www.sanserif.es\/en\/wp-json\/wp\/v2\/media\/7783"}],"wp:attachment":[{"href":"https:\/\/www.sanserif.es\/en\/wp-json\/wp\/v2\/media?parent=9696"}],"wp:term":[{"taxonomy":"category","embeddable":true,"href":"https:\/\/www.sanserif.es\/en\/wp-json\/wp\/v2\/categories?post=9696"},{"taxonomy":"post_tag","embeddable":true,"href":"https:\/\/www.sanserif.es\/en\/wp-json\/wp\/v2\/tags?post=9696"}],"curies":[{"name":"wp","href":"https:\/\/api.w.org\/{rel}","templated":true}]}}