{"id":9683,"date":"2009-05-19T09:56:12","date_gmt":"2009-05-19T09:56:12","guid":{"rendered":"https:\/\/www.sanserif.es\/una-brujula-para-feria-valencia-editorial-de-levante-emv\/"},"modified":"2022-05-19T18:18:20","modified_gmt":"2022-05-19T18:18:20","slug":"una-brujula-para-feria-valencia-editorial-de-levante-emv","status":"publish","type":"post","link":"https:\/\/www.sanserif.es\/en\/una-brujula-para-feria-valencia-editorial-de-levante-emv\/","title":{"rendered":"Una br\u00fajula para Feria Valencia, editorial de Levante EMV"},"content":{"rendered":"<p style=\"text-align: justify;\">El pasado s\u00e1bado, 16 de mayo de 2009, el editorial del diario Levante EMV recog\u00eda un sentimiento compartido por muchos profesionales de la comunicaci\u00f3n, el dise\u00f1o y el mueble de la Comunidad Valenciana. Bajo el t\u00edtulo Una br\u00fajula para Feria Valencia, el texto abordaba el dubitativo camino emprendido por el antes certamen de mueble y ahora no se sabe bien qu\u00e9 de ente ferial valenciano.<\/p>\n<p style=\"text-align: justify;\">Ya hace 3 a\u00f1os que abordamos en diversos art\u00edculos el error que supon\u00eda cambiar la denominaci\u00f3n del certamen y reconvertirlo en un centro comercial, y no en un encuentro profesional orientado a la innovaci\u00f3n. Ojal\u00e1, muchos otros siguieran el criterio expuesto en este editorial. Ni m\u00e1s ni menos que el sentido com\u00fan, desgraciadamente el menos com\u00fan de los sentidos.<\/p>\n<p style=\"text-align: justify;\"><strong><span style=\"color: #808000;\">Texto del editorial:<\/span><\/strong> <em><span style=\"color: #808080;\">Si Coca-Cola siguiera la pol\u00edtica de marcas de Feria Valencia en su mega certamen del h\u00e1bitat, a buen seguro que a estas alturas el consumidor estar\u00eda bastante confuso sobre ese refresco. En contra de la opini\u00f3n del sector, la instituci\u00f3n entonces dirigida por la actual consellera de Industria, Bel\u00e9n Juste, suprimi\u00f3 ha\u00adce cuatro a\u00f1os la marca Feria Internacional del Mueble (FIM) para desvanecerla en la marca paraguas H\u00e1bitat Valencia Forward junto a otras manifestaciones como Fiam (iluminaci\u00f3n) o Cevider (decoraci\u00f3n). El invento ha durado bien poco. La edici\u00f3n de este a\u00f1o tendr\u00e1 nueva denominaci\u00f3n: Ideas&amp;Pasi\u00f3n. La referencia al contenido de lo que se expone baja al subt\u00edtulo: Feria H\u00e1bitat Valencia\/Espa\u00f1a.<\/span><\/em><\/p>\n<p style=\"text-align: justify;\"><em><span style=\"color: #808080;\">El cambio es una muestra m\u00e1s de la necesidad de una br\u00fajula en la instituci\u00f3n ferial. Tanta modificaci\u00f3n de marca lo \u00fanico que genera es confusi\u00f3n, adem\u00e1s de un gasto a\u00f1adido \u2014una empresa hizo el plan estrat\u00e9gico que indicaba el cambio y otra dise\u00f1\u00f3 la nueva marca\u2014 que clama al cielo en unos tiempos en los que to\u00addo el mundo se ajusta el cintur\u00f3n y, muy especialmente, cuando los principales clientes de ese certamen, es decir, los fabricantes de muebles reclaman a la instituci\u00f3n una ayuda econ\u00f3mica pa\u00adra poder asistir a la edici\u00f3n de septiembre. Nada de ello parece alterar a la entidad presidida por Alberto Catal\u00e1, que para la edici\u00f3n de 2008 ya contrat\u00f3 a Orange Market \u2014empresa clave en la trama valenciana de la operaci\u00f3n G\u00fcrtel\u2014 para que promocionara el certamen sin consultar con el comit\u00e9 organizador ni permitir que gestionara los 800.000 euros que cost\u00f3 aquel sarao.<\/span><\/em><\/p>\n<p style=\"text-align: justify;\"><a href=\"http:\/\/www.levante-emv.es\/\">www.levante-emv.es<\/a>\u00a0\u00b7 <a href=\"http:\/\/www.sanserif.es\/\">www.sanserif.es<\/a><\/p>\n","protected":false},"excerpt":{"rendered":"<p>El pasado s\u00e1bado, 16 de mayo de 2009, el editorial del diario Levante EMV recog\u00eda un sentimiento compartido por muchos profesionales de la comunicaci\u00f3n, el dise\u00f1o y el mueble de la Comunidad Valenciana. Bajo el t\u00edtulo Una br\u00fajula para Feria Valencia, el texto abordaba el&#8230;<\/p>\n","protected":false},"author":2,"featured_media":7323,"comment_status":"open","ping_status":"open","sticky":false,"template":"","format":"standard","meta":[],"categories":[2073,2104,2955,2965],"tags":[3230,2902,3237,3231,3238,3215,3232,2068],"_links":{"self":[{"href":"https:\/\/www.sanserif.es\/en\/wp-json\/wp\/v2\/posts\/9683"}],"collection":[{"href":"https:\/\/www.sanserif.es\/en\/wp-json\/wp\/v2\/posts"}],"about":[{"href":"https:\/\/www.sanserif.es\/en\/wp-json\/wp\/v2\/types\/post"}],"author":[{"embeddable":true,"href":"https:\/\/www.sanserif.es\/en\/wp-json\/wp\/v2\/users\/2"}],"replies":[{"embeddable":true,"href":"https:\/\/www.sanserif.es\/en\/wp-json\/wp\/v2\/comments?post=9683"}],"version-history":[{"count":1,"href":"https:\/\/www.sanserif.es\/en\/wp-json\/wp\/v2\/posts\/9683\/revisions"}],"predecessor-version":[{"id":9684,"href":"https:\/\/www.sanserif.es\/en\/wp-json\/wp\/v2\/posts\/9683\/revisions\/9684"}],"wp:featuredmedia":[{"embeddable":true,"href":"https:\/\/www.sanserif.es\/en\/wp-json\/wp\/v2\/media\/7323"}],"wp:attachment":[{"href":"https:\/\/www.sanserif.es\/en\/wp-json\/wp\/v2\/media?parent=9683"}],"wp:term":[{"taxonomy":"category","embeddable":true,"href":"https:\/\/www.sanserif.es\/en\/wp-json\/wp\/v2\/categories?post=9683"},{"taxonomy":"post_tag","embeddable":true,"href":"https:\/\/www.sanserif.es\/en\/wp-json\/wp\/v2\/tags?post=9683"}],"curies":[{"name":"wp","href":"https:\/\/api.w.org\/{rel}","templated":true}]}}