{"id":9661,"date":"2014-03-20T09:27:59","date_gmt":"2014-03-20T09:27:59","guid":{"rendered":"https:\/\/www.sanserif.es\/levante-la-tablet-se-viste-de-fallera\/"},"modified":"2022-05-19T13:23:46","modified_gmt":"2022-05-19T13:23:46","slug":"levante-la-tablet-se-viste-de-fallera","status":"publish","type":"post","link":"https:\/\/www.sanserif.es\/en\/levante-la-tablet-se-viste-de-fallera\/","title":{"rendered":"Levante EMV: The &#8220;tablet&#8221; dressing up as a fallera"},"content":{"rendered":"<p style=\"text-align: justify;\"><a href=\"http:\/\/www.sanserif.es\/wp-content\/uploads\/2014\/03\/levante-12-3-14.jpg\"><img loading=\"lazy\" class=\"alignnone size-large wp-image-6195\" src=\"http:\/\/www.sanserif.es\/wp-content\/uploads\/2014\/03\/levante-12-3-14.jpg?w=460\" alt=\"Levante 12-3-14\" width=\"460\" height=\"456\" srcset=\"https:\/\/www.sanserif.es\/wp-content\/uploads\/2014\/03\/levante-12-3-14.jpg 600w, https:\/\/www.sanserif.es\/wp-content\/uploads\/2014\/03\/levante-12-3-14-100x100.jpg 100w, https:\/\/www.sanserif.es\/wp-content\/uploads\/2014\/03\/levante-12-3-14-150x150.jpg 150w, https:\/\/www.sanserif.es\/wp-content\/uploads\/2014\/03\/levante-12-3-14-300x298.jpg 300w\" sizes=\"(max-width: 460px) 100vw, 460px\" \/><\/a><\/p>\n<p>Levante \u00b7 12<sup>th<\/sup> of March 2014<\/p>\n<p><strong>Excerpt:<\/strong><em> (\u00b7\u00b7\u00b7)\u00a0Each case is shaped through an artisanal elaboration building a leather frame on which the embroidered fabric is sewn by hand, using techniques inherited from the clothing of Moors and Christians, &#8220;combining in one product two important trades and festivities of the regional folklore&#8221;. The product is also supposed to complete the traditional outfit of the men, which is, the sarag\u00fcell or sarawil costume, or the torrent\u00ed, characterized by the chopet\u00ed, also made in silk and with a personalized drawing,\u00a0 also used in the development of these cases (\u00b7\u00b7\u00b7)<\/em> More on <a href=\"https:\/\/deref-web.de\/mail\/client\/sEnIGbptt34\/dereferrer\/?redirectUrl=http%3A%2F%2Fwww.levante-emv.com%2Ffallas%2F2014%2F03%2F12%2Ftablet-viste-fallera%2F1089204.html\">Levante EMV<\/a><\/p>\n","protected":false},"excerpt":{"rendered":"<p>Levante \u00b7 12th of March 2014 Excerpt: (\u00b7\u00b7\u00b7)\u00a0Each case is shaped through an artisanal elaboration building a leather frame on which the embroidered fabric is sewn by hand, using techniques inherited from the clothing of Moors and Christians, &#8220;combining in one product two important trades&#8230;<\/p>\n","protected":false},"author":2,"featured_media":6195,"comment_status":"open","ping_status":"open","sticky":false,"template":"","format":"standard","meta":[],"categories":[2946,2738],"tags":[3220,3221,3222,3223,3224,3215,3225,2068],"_links":{"self":[{"href":"https:\/\/www.sanserif.es\/en\/wp-json\/wp\/v2\/posts\/9661"}],"collection":[{"href":"https:\/\/www.sanserif.es\/en\/wp-json\/wp\/v2\/posts"}],"about":[{"href":"https:\/\/www.sanserif.es\/en\/wp-json\/wp\/v2\/types\/post"}],"author":[{"embeddable":true,"href":"https:\/\/www.sanserif.es\/en\/wp-json\/wp\/v2\/users\/2"}],"replies":[{"embeddable":true,"href":"https:\/\/www.sanserif.es\/en\/wp-json\/wp\/v2\/comments?post=9661"}],"version-history":[{"count":2,"href":"https:\/\/www.sanserif.es\/en\/wp-json\/wp\/v2\/posts\/9661\/revisions"}],"predecessor-version":[{"id":9663,"href":"https:\/\/www.sanserif.es\/en\/wp-json\/wp\/v2\/posts\/9661\/revisions\/9663"}],"wp:featuredmedia":[{"embeddable":true,"href":"https:\/\/www.sanserif.es\/en\/wp-json\/wp\/v2\/media\/6195"}],"wp:attachment":[{"href":"https:\/\/www.sanserif.es\/en\/wp-json\/wp\/v2\/media?parent=9661"}],"wp:term":[{"taxonomy":"category","embeddable":true,"href":"https:\/\/www.sanserif.es\/en\/wp-json\/wp\/v2\/categories?post=9661"},{"taxonomy":"post_tag","embeddable":true,"href":"https:\/\/www.sanserif.es\/en\/wp-json\/wp\/v2\/tags?post=9661"}],"curies":[{"name":"wp","href":"https:\/\/api.w.org\/{rel}","templated":true}]}}