{"id":9638,"date":"2012-10-11T09:34:18","date_gmt":"2012-10-11T09:34:18","guid":{"rendered":"https:\/\/www.sanserif.es\/tvv-segunda-temporada-de-ocupat-con-los-asientos-bold-de-sanserif-creatius\/"},"modified":"2022-05-02T16:46:57","modified_gmt":"2022-05-02T16:46:57","slug":"tvv-segunda-temporada-de-ocupat-con-los-asientos-bold-de-sanserif-creatius","status":"publish","type":"post","link":"https:\/\/www.sanserif.es\/en\/tvv-segunda-temporada-de-ocupat-con-los-asientos-bold-de-sanserif-creatius\/","title":{"rendered":"TVV: Second season of Ocupat with the Bold seats by Sanserif Creatius"},"content":{"rendered":"<p style=\"text-align: justify;\"><a href=\"http:\/\/www.sanserif.es\/wp-content\/uploads\/2012\/10\/ocupat-rtvv-emilio-duro-6-7-2012b.jpg\"><img loading=\"lazy\" class=\"alignnone size-full wp-image-4564\" title=\"Ocupat RTVV emilio Duro 6-7-2012b\" src=\"http:\/\/www.sanserif.es\/wp-content\/uploads\/2012\/10\/ocupat-rtvv-emilio-duro-6-7-2012b.jpg\" alt=\"\" width=\"460\" height=\"345\" srcset=\"https:\/\/www.sanserif.es\/wp-content\/uploads\/2012\/10\/ocupat-rtvv-emilio-duro-6-7-2012b.jpg 600w, https:\/\/www.sanserif.es\/wp-content\/uploads\/2012\/10\/ocupat-rtvv-emilio-duro-6-7-2012b-300x225.jpg 300w\" sizes=\"(max-width: 460px) 100vw, 460px\" \/><\/a><\/p>\n<p><span style=\"color: #3366ff;\">Clara Castell\u00f3 interviews Emilio Dur\u00f3<\/span><\/p>\n<p>The Bold seats by <a href=\"https:\/\/deref-web.de\/mail\/client\/6LmFhag29pI\/dereferrer\/?redirectUrl=http%3A%2F%2Fwww.sanserif.es\">Sanserif Creatius<\/a> will keep accompanying Clara Castell\u00f3 during the second season of <a href=\"https:\/\/deref-web.de\/mail\/client\/-SZZTQ9fMkI\/dereferrer\/?redirectUrl=http%3A%2F%2Fwww.rtvv.es%2Fva%2Focupat%2Fpreparat%2F\">Ocupat<\/a>, the TVV program intended for entrepreneurs, professional training and job offers whose first edition has been so well received. For this new season, changes have been incorporated to the Bold seats with a resolute esthetic change, which will surely keep everyone talking\u2026 you cannot miss the start on next Monday, 15<sup>th <\/sup>of October at 3:30 p.m.<\/p>\n<p><iframe loading=\"lazy\" title=\"Promo Segunda temporada de Ocupat - TVV\" width=\"1060\" height=\"596\" src=\"https:\/\/www.youtube.com\/embed\/Ta42mIAoT74?feature=oembed\" frameborder=\"0\" allow=\"accelerometer; autoplay; clipboard-write; encrypted-media; gyroscope; picture-in-picture\" allowfullscreen><\/iframe><\/p>\n<p><span style=\"color: #3366ff;\">Promo of the second season of Ocupa\u2019t<\/span><\/p>\n","protected":false},"excerpt":{"rendered":"<p>Clara Castell\u00f3 interviews Emilio Dur\u00f3 The Bold seats by Sanserif Creatius will keep accompanying Clara Castell\u00f3 during the second season of Ocupat, the TVV program intended for entrepreneurs, professional training and job offers whose first edition has been so well received. For this new season,&#8230;<\/p>\n","protected":false},"author":2,"featured_media":9636,"comment_status":"open","ping_status":"open","sticky":false,"template":"","format":"standard","meta":[],"categories":[2236,2088,2955],"tags":[3159,3141,3204,3205,3206,3144,3145,3162,2068,3147],"_links":{"self":[{"href":"https:\/\/www.sanserif.es\/en\/wp-json\/wp\/v2\/posts\/9638"}],"collection":[{"href":"https:\/\/www.sanserif.es\/en\/wp-json\/wp\/v2\/posts"}],"about":[{"href":"https:\/\/www.sanserif.es\/en\/wp-json\/wp\/v2\/types\/post"}],"author":[{"embeddable":true,"href":"https:\/\/www.sanserif.es\/en\/wp-json\/wp\/v2\/users\/2"}],"replies":[{"embeddable":true,"href":"https:\/\/www.sanserif.es\/en\/wp-json\/wp\/v2\/comments?post=9638"}],"version-history":[{"count":2,"href":"https:\/\/www.sanserif.es\/en\/wp-json\/wp\/v2\/posts\/9638\/revisions"}],"predecessor-version":[{"id":9640,"href":"https:\/\/www.sanserif.es\/en\/wp-json\/wp\/v2\/posts\/9638\/revisions\/9640"}],"wp:featuredmedia":[{"embeddable":true,"href":"https:\/\/www.sanserif.es\/en\/wp-json\/wp\/v2\/media\/9636"}],"wp:attachment":[{"href":"https:\/\/www.sanserif.es\/en\/wp-json\/wp\/v2\/media?parent=9638"}],"wp:term":[{"taxonomy":"category","embeddable":true,"href":"https:\/\/www.sanserif.es\/en\/wp-json\/wp\/v2\/categories?post=9638"},{"taxonomy":"post_tag","embeddable":true,"href":"https:\/\/www.sanserif.es\/en\/wp-json\/wp\/v2\/tags?post=9638"}],"curies":[{"name":"wp","href":"https:\/\/api.w.org\/{rel}","templated":true}]}}