{"id":9553,"date":"2014-05-29T12:40:22","date_gmt":"2014-05-29T12:40:22","guid":{"rendered":"https:\/\/www.sanserif.es\/raul-yanez-el-negocio-de-la-red-y-los-muebles-de-carton-de-sanserif-es\/"},"modified":"2022-04-20T11:22:41","modified_gmt":"2022-04-20T11:22:41","slug":"raul-yanez-el-negocio-de-la-red-y-los-muebles-de-carton-de-sanserif-es","status":"publish","type":"post","link":"https:\/\/www.sanserif.es\/en\/raul-yanez-el-negocio-de-la-red-y-los-muebles-de-carton-de-sanserif-es\/","title":{"rendered":"Ra\u00fal Y\u00e1\u00f1ez, the network business and the cardboard by Sanserif.es"},"content":{"rendered":"<p><iframe loading=\"lazy\" title=\"Ra\u00fal Y\u00e1\u00f1ez, el negocio de la red y los muebles de cart\u00f3n de Sanserif.es\" width=\"1060\" height=\"795\" src=\"https:\/\/www.youtube.com\/embed\/mFVSkWsa8T4?feature=oembed\" frameborder=\"0\" allow=\"accelerometer; autoplay; clipboard-write; encrypted-media; gyroscope; picture-in-picture\" allowfullscreen><\/iframe><\/p>\n<p style=\"text-align: justify;\"><span style=\"color: #3366ff;\">Albert Espinosa \u00b7 Ocupat\u00a0 07\/05\/2013<\/span><\/p>\n<p>Clara Castell\u00f3 interviews the co-founder of Comunicare, Ra\u00fal Y\u00e1\u00f1ez,\u00a0at the Universidad Polit\u00e9cnica of Valencia, with the chairs of <a href=\"https:\/\/deref-web.de\/mail\/client\/6LmFhag29pI\/dereferrer\/?redirectUrl=http%3A%2F%2Fwww.sanserif.es\">Sanserif Creatius<\/a>\u2019 Bold collection as the only props.\u00a0This entrepreneur analyzes advertising and business in the network on which he has based his professional career with the acquisition of more than 500 domains, as well as the creation of a network of vertical portals, among other businesses.\u00a0He does it while sitting on the red fur <a href=\"https:\/\/deref-web.de\/mail\/client\/XCS1u9gAHI0\/dereferrer\/?redirectUrl=http%3A%2F%2Fwww.trendhunter.com%2Ftrends%2Fbanco-bold-chair\">Bold cHair <\/a>, designed by Sanserif Creatius. More info on <a href=\"https:\/\/deref-web.de\/mail\/client\/Zs2Bmzfr0v8\/dereferrer\/?redirectUrl=http%3A%2F%2Fwww.rtvv.es%2Fva%2Focupat%2F\">Ocupat.<\/a><\/p>\n","protected":false},"excerpt":{"rendered":"<p>Albert Espinosa \u00b7 Ocupat\u00a0 07\/05\/2013 Clara Castell\u00f3 interviews the co-founder of Comunicare, Ra\u00fal Y\u00e1\u00f1ez,\u00a0at the Universidad Polit\u00e9cnica of Valencia, with the chairs of Sanserif Creatius\u2019 Bold collection as the only props.\u00a0This entrepreneur analyzes advertising and business in the network on which he has based his&#8230;<\/p>\n","protected":false},"author":2,"featured_media":9555,"comment_status":"open","ping_status":"open","sticky":false,"template":"","format":"standard","meta":[],"categories":[2236,2235,2088,2957,2484,2965,2951],"tags":[3140,3141,3158,3144,3145,3157,2068,3147],"_links":{"self":[{"href":"https:\/\/www.sanserif.es\/en\/wp-json\/wp\/v2\/posts\/9553"}],"collection":[{"href":"https:\/\/www.sanserif.es\/en\/wp-json\/wp\/v2\/posts"}],"about":[{"href":"https:\/\/www.sanserif.es\/en\/wp-json\/wp\/v2\/types\/post"}],"author":[{"embeddable":true,"href":"https:\/\/www.sanserif.es\/en\/wp-json\/wp\/v2\/users\/2"}],"replies":[{"embeddable":true,"href":"https:\/\/www.sanserif.es\/en\/wp-json\/wp\/v2\/comments?post=9553"}],"version-history":[{"count":2,"href":"https:\/\/www.sanserif.es\/en\/wp-json\/wp\/v2\/posts\/9553\/revisions"}],"predecessor-version":[{"id":9556,"href":"https:\/\/www.sanserif.es\/en\/wp-json\/wp\/v2\/posts\/9553\/revisions\/9556"}],"wp:featuredmedia":[{"embeddable":true,"href":"https:\/\/www.sanserif.es\/en\/wp-json\/wp\/v2\/media\/9555"}],"wp:attachment":[{"href":"https:\/\/www.sanserif.es\/en\/wp-json\/wp\/v2\/media?parent=9553"}],"wp:term":[{"taxonomy":"category","embeddable":true,"href":"https:\/\/www.sanserif.es\/en\/wp-json\/wp\/v2\/categories?post=9553"},{"taxonomy":"post_tag","embeddable":true,"href":"https:\/\/www.sanserif.es\/en\/wp-json\/wp\/v2\/tags?post=9553"}],"curies":[{"name":"wp","href":"https:\/\/api.w.org\/{rel}","templated":true}]}}