{"id":9546,"date":"2014-04-14T10:38:41","date_gmt":"2014-04-14T10:38:41","guid":{"rendered":"https:\/\/www.sanserif.es\/maria-fanjul-entradas-com-y-los-muebles-de-carton-de-sanserif-es\/"},"modified":"2022-04-20T11:18:35","modified_gmt":"2022-04-20T11:18:35","slug":"maria-fanjul-entradas-com-y-los-muebles-de-carton-de-sanserif-es","status":"publish","type":"post","link":"https:\/\/www.sanserif.es\/en\/maria-fanjul-entradas-com-y-los-muebles-de-carton-de-sanserif-es\/","title":{"rendered":"Mar\u00eda Fanjul, Entradas.com and the cardboard furniture by Sanserif.es"},"content":{"rendered":"<p><iframe loading=\"lazy\" title=\"Mar\u00eda Fanjul, Entradas.com y los muebles de cart\u00f3n de Sanserif.es\" width=\"1060\" height=\"795\" src=\"https:\/\/www.youtube.com\/embed\/HkKvaUvbrZI?feature=oembed\" frameborder=\"0\" allow=\"accelerometer; autoplay; clipboard-write; encrypted-media; gyroscope; picture-in-picture\" allowfullscreen><\/iframe><\/p>\n<p style=\"text-align: justify;\"><span style=\"color: #3366ff;\">Mar\u00eda Fanjul\u00a0\u00b7 Ocupat\u00a0 07\/06\/2013<\/span><\/p>\n<p>Clara Castell\u00f3 interviews the CEO of <a href=\"https:\/\/deref-web.de\/mail\/client\/Zuq-sKrbGUc\/dereferrer\/?redirectUrl=http%3A%2F%2Fwww.entradas.com%2F\">Entradas.com<\/a>, Mar\u00eda Fanjul, at Casa del Alumno of the Universidad Polit\u00e9cnica in Valencia (UPV), with the chairs of <a href=\"https:\/\/deref-web.de\/mail\/client\/6LmFhag29pI\/dereferrer\/?redirectUrl=http%3A%2F%2Fwww.sanserif.es\">Sanserif Creatius<\/a>\u2019 Bold collection as the only props. A talk on female entrepreneurs, new business opportunities and a document already belonging to history after the closing of RTVV.\u00a0All this while sitting on the red fur <a href=\"https:\/\/deref-web.de\/mail\/client\/XCS1u9gAHI0\/dereferrer\/?redirectUrl=http%3A%2F%2Fwww.trendhunter.com%2Ftrends%2Fbanco-bold-chair\">Bold cHair <\/a>, designed by Sanserif Creatius. More info on <a href=\"https:\/\/deref-web.de\/mail\/client\/Zs2Bmzfr0v8\/dereferrer\/?redirectUrl=http%3A%2F%2Fwww.rtvv.es%2Fva%2Focupat%2F\">Ocupat.<\/a><\/p>\n","protected":false},"excerpt":{"rendered":"<p>Mar\u00eda Fanjul\u00a0\u00b7 Ocupat\u00a0 07\/06\/2013 Clara Castell\u00f3 interviews the CEO of Entradas.com, Mar\u00eda Fanjul, at Casa del Alumno of the Universidad Polit\u00e9cnica in Valencia (UPV), with the chairs of Sanserif Creatius\u2019 Bold collection as the only props. A talk on female entrepreneurs, new business opportunities and&#8230;<\/p>\n","protected":false},"author":2,"featured_media":9547,"comment_status":"open","ping_status":"open","sticky":false,"template":"","format":"standard","meta":[],"categories":[2236,2235,2964,2955,2965],"tags":[3140,2482,3156,3141,3154,3155,3145,2068,3147],"_links":{"self":[{"href":"https:\/\/www.sanserif.es\/en\/wp-json\/wp\/v2\/posts\/9546"}],"collection":[{"href":"https:\/\/www.sanserif.es\/en\/wp-json\/wp\/v2\/posts"}],"about":[{"href":"https:\/\/www.sanserif.es\/en\/wp-json\/wp\/v2\/types\/post"}],"author":[{"embeddable":true,"href":"https:\/\/www.sanserif.es\/en\/wp-json\/wp\/v2\/users\/2"}],"replies":[{"embeddable":true,"href":"https:\/\/www.sanserif.es\/en\/wp-json\/wp\/v2\/comments?post=9546"}],"version-history":[{"count":3,"href":"https:\/\/www.sanserif.es\/en\/wp-json\/wp\/v2\/posts\/9546\/revisions"}],"predecessor-version":[{"id":9551,"href":"https:\/\/www.sanserif.es\/en\/wp-json\/wp\/v2\/posts\/9546\/revisions\/9551"}],"wp:featuredmedia":[{"embeddable":true,"href":"https:\/\/www.sanserif.es\/en\/wp-json\/wp\/v2\/media\/9547"}],"wp:attachment":[{"href":"https:\/\/www.sanserif.es\/en\/wp-json\/wp\/v2\/media?parent=9546"}],"wp:term":[{"taxonomy":"category","embeddable":true,"href":"https:\/\/www.sanserif.es\/en\/wp-json\/wp\/v2\/categories?post=9546"},{"taxonomy":"post_tag","embeddable":true,"href":"https:\/\/www.sanserif.es\/en\/wp-json\/wp\/v2\/tags?post=9546"}],"curies":[{"name":"wp","href":"https:\/\/api.w.org\/{rel}","templated":true}]}}