{"id":9514,"date":"2019-05-24T12:29:38","date_gmt":"2019-05-24T12:29:38","guid":{"rendered":"https:\/\/www.sanserif.es\/la-alcaldia-se-disputa-entre-intensidades-de-naranja\/"},"modified":"2022-03-15T10:19:53","modified_gmt":"2022-03-15T10:19:53","slug":"la-alcaldia-se-disputa-entre-intensidades-de-naranja","status":"publish","type":"post","link":"https:\/\/www.sanserif.es\/en\/la-alcaldia-se-disputa-entre-intensidades-de-naranja\/","title":{"rendered":"Mayoralty contested between different orange tones"},"content":{"rendered":"<p><img loading=\"lazy\" class=\"alignnone size-thumbnail wp-image-8032 alignleft\" src=\"http:\/\/www.sanserif.es\/wp-content\/uploads\/2019\/02\/RetratJgimBN-experimenta-150x150.jpg\" alt=\"\" width=\"150\" height=\"150\" srcset=\"https:\/\/www.sanserif.es\/wp-content\/uploads\/2019\/02\/RetratJgimBN-experimenta-150x150.jpg 150w, https:\/\/www.sanserif.es\/wp-content\/uploads\/2019\/02\/RetratJgimBN-experimenta-300x300.jpg 300w, https:\/\/www.sanserif.es\/wp-content\/uploads\/2019\/02\/RetratJgimBN-experimenta-100x100.jpg 100w\" sizes=\"(max-width: 150px) 100vw, 150px\" \/>Source: <a href=\"http:\/\/tribunalibre.es\/la-alcaldia-se-disputa-entre-intensidades-de-naranja\/\">Tribuna Libre<\/a><\/p>\n<p>Valencian left-wing Comprom\u00eds or centre-right Ciudadanos, one of the two electoral lists will gather the most votes and determine who sits in the mayor\u2019s chair for the next 4 years.<\/p>\n<p>The fight for the city of Valencia will be contended between two orange parties, as much as traditional parties PP and PSPV would like to recover their governing alternance. Which tone prevails will be the key: rusty-coloured Joan Rib\u00f3 (Comprom\u00eds) or bright-coloured Fernando Giner (Ciudadanos).<\/p>\n<p>Election polls that project regional results defend vote continuity from last elections, but they are not taking into account the local government\u2019s exhaustion -PSPV (Socialist Party of the Valencian Country) included- and the progressive decline in supporters of the extinct Podem, now rebranded as left-wing Unidas Podemos. The purple political formation cannot hold onto the 15M movement anymore, its leaders either absorbed by other parties or have moved on and are looking for settling within stable political reality, which may limit them for these elections.<\/p>\n<p>In the context of a changing ecosystem that is very different to that of 2015, Sandra G\u00f3mez\u2019s (left-winged PSOE) favourable situation after president Pedro S\u00e1nchez\u2019s unexpected victory -due to the number of seats rather than votes- doesn&#8217;t seem to be enough. For that reason, PP (right-winged People\u2019s Party) and Ciudadanos may have a chance that is however stained in the case of the former by past corruption in M\u00aa Jos\u00e9 Catal\u00e0&#8217;s formation, and in the case of the latter, by public ignorance and Fernando Giner\u2019s noble and too feeble manners.<\/p>\n<p>By looking at one of the polls that go unnoticed by the media for not supporting their editorial interests -as it is the case of the poll promoted by Universitat de Val\u00e8ncia- we can observe how PSOE does not call the shots, but rather that Joan Rib\u00f3 (Comprom\u00eds) could be the one to be elected mayor again with 9 city councillors, as he currently has, with between a 22.8 and a 27.6% of votes. With results that could range from the failure of the 7 representatives to success as a consequence of having swallowed EU (Valencian socialist Esquerra Unida) and Unides Podem\u2019s voters, the acting mayor would obtain 10 councillors for the first time in his history and would see his management supported despite Comprom\u00eds&#8217; Grezzi and Fuset.<\/p>\n<p>This hegemony could only be challenged by another orange party, since predictions assign 8 councillors to Ciudadanos, two more than their current number. Fernando Giner would obtain between 22.4 and 27.2% of votes and 7 to 10 councillors. The university estimates that in case of the same percentage, the rusty orange-toned formation to which they feel close would outweigh the bright orange.<\/p>\n<p>Far from what the CIS (Centre for Sociological Research) and polls conducted this last week by left-media predict, the Sadra G\u00f3mez-led PSPV-PSOE would obtain 6 councillors, one more than they have now. According to the poll promoted by Universitat Valenciana, they would obtain between 16.2 and 20.4% of votes and 5 to 8 seats. Socialists would not achieve to have unknown Sandra G\u00f3mez recover the mayoralty that they lost in 1991. A breath of fresh air that would be reduced to a soft breeze and that would endanger the tripartite\u2019s hegemony.<\/p>\n<p>The left would need Unides Podem-EUPV again to successfully reedit the Pacte de la Nau (signed by Comprom\u00eds, PSPV and Val\u00e8ncia en Com\u00fa in 2015) and compensate the reediting of the Pacte del Bot\u00e0nic (signed the same year by PSPV-PSOE and Comprom\u00eds with Unides Podem\u2019s support), but this formation is expected to only barely reach the 5% of votes, which would assign them 2 councillors, one less than Val\u00e8ncia en Com\u00fa (which Podem joined, but not EU) obtained in 2015. Mar\u00eda Oliver-led Unides Podem would obtain, if they resist Comprom\u00eds\u2019 biting progress, between 5.4 and 8.2% of votes and 1 to 3 councillors. Without them, the left will certainly lose the city of Valencia.<\/p>\n<p>Another mystery is what will happen with Valencian PP. The UV\u2019s (Universitat de Val\u00e8ncia) poll lowers their expectations to 5 councillors, half the representation that they obtained 4 years ago. Too strict a punishment that, become a reality, it would sink hopes of the centre-right to manage Spain\u2019s third capital again. The list lead by Mar\u00eda Jos\u00e9 Catal\u00e0 (PP) would obtain between 13.4 and 17.4 % of votes and 4 to 6 councillors.<\/p>\n<p>Truth be told, it all depends on whether Catal\u00e0 manages to cannibalise far-right Vox and recover voters that are angry at PP ex-leaders stained by alleged corruption during their management of the city. A great deal of those votes would presumably go to Vox, which would irrupt in the city council with 3 councillors.\u00a0 Vox candidacy led by Jos\u00e9 Gos\u00e1lvez would be supported by between a 6.9 and 10% of voters and they would obtain 2 to 3 councillors. Or not. If their unmet expectations after national and regional elections translate in disappointment among voters, PP may rise from the ashes like a phoenix.<\/p>\n<p>That is why, given the outburst of polls agreeing on a peaceful and successful election night for the left similar to what they experienced a month ago, it is necessary to bear in mind that national and regional results do not tend to coincide. The people are wise and know how to counterbalance results, but we live in strange times with two elections in one month. Anything could happen.<\/p>\n<p style=\"text-align: left;\">***<\/p>\n<p style=\"text-align: left;\">Por Jos\u00e9 Antonio Gim\u00e9nez<\/p>\n<p style=\"text-align: left;\">Analista de MK pol\u00edtico<\/p>\n<p style=\"text-align: left;\">Sanserif.es<\/p>\n","protected":false},"excerpt":{"rendered":"<p>Source: Tribuna Libre Valencian left-wing Comprom\u00eds or centre-right Ciudadanos, one of the two electoral lists will gather the most votes and determine who sits in the mayor\u2019s chair for the next 4 years. The fight for the city of Valencia will be contended between two&#8230;<\/p>\n","protected":false},"author":2,"featured_media":7779,"comment_status":"closed","ping_status":"open","sticky":false,"template":"","format":"standard","meta":[],"categories":[2236],"tags":[2343,2313,2344,3124,3125,2417,2399,2310,2309],"_links":{"self":[{"href":"https:\/\/www.sanserif.es\/en\/wp-json\/wp\/v2\/posts\/9514"}],"collection":[{"href":"https:\/\/www.sanserif.es\/en\/wp-json\/wp\/v2\/posts"}],"about":[{"href":"https:\/\/www.sanserif.es\/en\/wp-json\/wp\/v2\/types\/post"}],"author":[{"embeddable":true,"href":"https:\/\/www.sanserif.es\/en\/wp-json\/wp\/v2\/users\/2"}],"replies":[{"embeddable":true,"href":"https:\/\/www.sanserif.es\/en\/wp-json\/wp\/v2\/comments?post=9514"}],"version-history":[{"count":2,"href":"https:\/\/www.sanserif.es\/en\/wp-json\/wp\/v2\/posts\/9514\/revisions"}],"predecessor-version":[{"id":9516,"href":"https:\/\/www.sanserif.es\/en\/wp-json\/wp\/v2\/posts\/9514\/revisions\/9516"}],"wp:featuredmedia":[{"embeddable":true,"href":"https:\/\/www.sanserif.es\/en\/wp-json\/wp\/v2\/media\/7779"}],"wp:attachment":[{"href":"https:\/\/www.sanserif.es\/en\/wp-json\/wp\/v2\/media?parent=9514"}],"wp:term":[{"taxonomy":"category","embeddable":true,"href":"https:\/\/www.sanserif.es\/en\/wp-json\/wp\/v2\/categories?post=9514"},{"taxonomy":"post_tag","embeddable":true,"href":"https:\/\/www.sanserif.es\/en\/wp-json\/wp\/v2\/tags?post=9514"}],"curies":[{"name":"wp","href":"https:\/\/api.w.org\/{rel}","templated":true}]}}