{"id":9510,"date":"2019-06-22T09:47:59","date_gmt":"2019-06-22T09:47:59","guid":{"rendered":"https:\/\/www.sanserif.es\/ximo-puig-y-la-teoria-de-la-goma-elastica\/"},"modified":"2022-03-15T10:12:20","modified_gmt":"2022-03-15T10:12:20","slug":"ximo-puig-y-la-teoria-de-la-goma-elastica","status":"publish","type":"post","link":"https:\/\/www.sanserif.es\/en\/ximo-puig-y-la-teoria-de-la-goma-elastica\/","title":{"rendered":"Ximo Puig and the rubber band\u2019s theory"},"content":{"rendered":"<p><img loading=\"lazy\" class=\"alignnone size-thumbnail wp-image-8032 alignleft\" src=\"http:\/\/www.sanserif.es\/wp-content\/uploads\/2019\/02\/RetratJgimBN-experimenta-150x150.jpg\" alt=\"\" width=\"150\" height=\"150\" srcset=\"https:\/\/www.sanserif.es\/wp-content\/uploads\/2019\/02\/RetratJgimBN-experimenta-150x150.jpg 150w, https:\/\/www.sanserif.es\/wp-content\/uploads\/2019\/02\/RetratJgimBN-experimenta-300x300.jpg 300w, https:\/\/www.sanserif.es\/wp-content\/uploads\/2019\/02\/RetratJgimBN-experimenta-100x100.jpg 100w\" sizes=\"(max-width: 150px) 100vw, 150px\" \/>Source: <a href=\"http:\/\/tribunalibre.es\/ximo-puig-y-la-teoria-de-la-goma-elastica\/\">Tribuna Libre<\/a><\/p>\n<p>After the configuration of the new Valencian Government, we went from a cooperation executive with two represented formations (one functioning as a helper, supporting or beating the undertaken policies) to \u201cThe cabin of the Marx brothers\u201d. It\u2019s about a tripartite or a quadripartite if we split Unides Podem in its two parts: Esquerra Unida y Podem. Even a sixpartite, if it is that this word actually exists, if we break the coalition Comprom\u00eds in all its components. A pure madness, which coordination will fall on the zen monk Ximo Puig, an easy-going man but not passive, who I expect, they will make him lose it in a few weeks.<\/p>\n<p>If after half a dozen meetings, the only thing our brand-new rulers have achieved is to divide up the chairs and widen the number of departments to satisfy almost everyone, think about what is left about the second and third rung of the Consell\u2019s management positions. Without mentioning consultants, technicians and managers of the different foundations. It will be tested the Administration\u2019s elasticity or, rather, the budget of the Valencian Government.<\/p>\n<p>The programmatic Botanic II\u2019s deal has, for the moment, 131 measures against the 202 planned in the first edition. We\u2019ll see if they meet the maxim which second parts never achieved meeting. For now, the botanical governmental model has been replicated in Val\u00e8ncia, Castell\u00f3n, Gand\u00eda or Elche. Nevertheless, it went up in smoke in villages like Sueca or Villalonga, an example for each house, not to talk about Muro de Alcoy, despite the threats of eviction proceedings, which, by the way, leaves aside the promises of governing for everyone and of establishing sanitary cordons.<\/p>\n<p>In light of such diaspora of criteria and political movements, I\u2019d recommend Ximo Puig that he leaves non-sense goodwill speeches apart. Rather, he should start applying the rubber band\u2019s theory. Its functioning basically tells us that, in light of a difficult decision (and I am afraid they all will be in this Consell) instead of making the well-known pros and cons list, he should rather divide, on one side, what hold him, and, on the other side, what pulls him.<\/p>\n<p>The risk is that the rubber band won\u2019t hold, and the president of the Valencian region and its government will end up dismantled. A boomerang effect which the PSPV\u2019s president intended in the three-way negotiation that was actually a six-way negotiation if we include the members of the different coalitions, which, as we clearly saw, also wanted their share of the pie. Chairs for everyone. Conselleria de Trasparencia for the EUPV, vice presidency for Podem, several positions at Les Corts for the Bloc, among others evidences.<\/p>\n<p>The objective of Puig\u2019s negotiators was that Comprom\u00eds and Unides Podem would be torn apart while fighting over crumbs and departments harmful to the image or lacking content. Nevertheless, the government partners turned out to be quarrelsome and the objective could not be entirely achieved, for example, diluting M\u00f3nica Oltra\u2019s presidency with the one of Rub\u00e9n Mart\u00ednez Dalmau. Another option was to leave her without a spokesperson, arguing an excessive workload to also take over the Department of Equality and Inclusive Policy, from which its functioning could suffer, being this one a very important social field. Something that didn\u2019t worry them in the last mandate, by the way.<\/p>\n<p>As always, what is convenient for Ximo Puig and, as a consequence, for the socialists, generally isn\u2019t convenient for the rest of the partners. So, unfortunately, this air of perpetual confrontation is harmful for the Valencians too. Four years wasted; again.<\/p>\n<p>CODA. The former PSPV candidate for Mayor, Sandra G\u00f3mez, warned at the beginning of the negotiations to reissue the Nau Pact to the already Mayor Joan Rib\u00f3 (Comprom\u00eds) that the cities \u201cwould not be built by just one hand\u201d. A shame that it sounded too theatrical, maybe for its closeness to the Theater Rialto, because neither Rib\u00f3 is one-handed, nor Sandra G\u00f3mez can demand something that won\u2019t be given away as a counterweight of the autonomous government\u2019s pact.<\/p>\n<p style=\"text-align: left;\">***<\/p>\n<p style=\"text-align: left;\">Por Jos\u00e9 Antonio Gim\u00e9nez<\/p>\n<p style=\"text-align: left;\">Analista de MK Pol\u00edtico<\/p>\n<p style=\"text-align: left;\">Sanserif.es<\/p>\n","protected":false},"excerpt":{"rendered":"<p>Source: Tribuna Libre After the configuration of the new Valencian Government, we went from a cooperation executive with two represented formations (one functioning as a helper, supporting or beating the undertaken policies) to \u201cThe cabin of the Marx brothers\u201d. It\u2019s about a tripartite or a&#8230;<\/p>\n","protected":false},"author":2,"featured_media":8255,"comment_status":"closed","ping_status":"open","sticky":false,"template":"","format":"standard","meta":[],"categories":[2051],"tags":[2344,2417,2913,2404,2586,2309,3123,2307,2777,2371],"_links":{"self":[{"href":"https:\/\/www.sanserif.es\/en\/wp-json\/wp\/v2\/posts\/9510"}],"collection":[{"href":"https:\/\/www.sanserif.es\/en\/wp-json\/wp\/v2\/posts"}],"about":[{"href":"https:\/\/www.sanserif.es\/en\/wp-json\/wp\/v2\/types\/post"}],"author":[{"embeddable":true,"href":"https:\/\/www.sanserif.es\/en\/wp-json\/wp\/v2\/users\/2"}],"replies":[{"embeddable":true,"href":"https:\/\/www.sanserif.es\/en\/wp-json\/wp\/v2\/comments?post=9510"}],"version-history":[{"count":2,"href":"https:\/\/www.sanserif.es\/en\/wp-json\/wp\/v2\/posts\/9510\/revisions"}],"predecessor-version":[{"id":9512,"href":"https:\/\/www.sanserif.es\/en\/wp-json\/wp\/v2\/posts\/9510\/revisions\/9512"}],"wp:featuredmedia":[{"embeddable":true,"href":"https:\/\/www.sanserif.es\/en\/wp-json\/wp\/v2\/media\/8255"}],"wp:attachment":[{"href":"https:\/\/www.sanserif.es\/en\/wp-json\/wp\/v2\/media?parent=9510"}],"wp:term":[{"taxonomy":"category","embeddable":true,"href":"https:\/\/www.sanserif.es\/en\/wp-json\/wp\/v2\/categories?post=9510"},{"taxonomy":"post_tag","embeddable":true,"href":"https:\/\/www.sanserif.es\/en\/wp-json\/wp\/v2\/tags?post=9510"}],"curies":[{"name":"wp","href":"https:\/\/api.w.org\/{rel}","templated":true}]}}