{"id":9490,"date":"2021-04-27T10:58:28","date_gmt":"2021-04-27T10:58:28","guid":{"rendered":"https:\/\/www.sanserif.es\/?p=9490\/"},"modified":"2022-03-04T11:01:54","modified_gmt":"2022-03-04T11:01:54","slug":"collaborative-design-against-gender-based-violence","status":"publish","type":"post","link":"https:\/\/www.sanserif.es\/en\/collaborative-design-against-gender-based-violence\/","title":{"rendered":"Collaborative design against Gender-based Violence"},"content":{"rendered":"<p>First results of collaborative design part of the European Project \u201cErasmus+ Col-Creation\u201d; redesigned wine tags and sustainable stools to fight against gender-based violence. More to come soon.<\/p>\n<p>This initiative is part of conference sessions on collaborative designing and co-creation as a strategic tool for the creative industries driven by consultant team Coordina and chamber of commerce C\u00e1mara de Valencia through a pilot formative action. The project, directed by professor Gabriel Songel from Universitat Polit\u00e8cnica de Val\u00e8ncia (UPV) and Coordina\u2019s projects and innovation director David P\u00e9rez counted on the participation of designers and communicators Ana Yago and Jos\u00e9 Antonio Gim\u00e9nez (Sanserif.es), Carlos Andreu (Vibra), Jos\u00e9 Solbas (Altamiraprojects.com), Gemma Herrero, Natxa Gonz\u00e1lez and Sandra Mac\u00edas.<\/p>\n<p><img loading=\"lazy\" class=\"alignnone size-medium wp-image-9338\" src=\"https:\/\/www.sanserif.es\/wp-content\/uploads\/2021\/05\/210426-FotoEquipo-con-Sanserif-300x169.jpg\" alt=\"\" width=\"300\" height=\"169\" srcset=\"https:\/\/www.sanserif.es\/wp-content\/uploads\/2021\/05\/210426-FotoEquipo-con-Sanserif-300x169.jpg 300w, https:\/\/www.sanserif.es\/wp-content\/uploads\/2021\/05\/210426-FotoEquipo-con-Sanserif-768x432.jpg 768w, https:\/\/www.sanserif.es\/wp-content\/uploads\/2021\/05\/210426-FotoEquipo-con-Sanserif-700x394.jpg 700w, https:\/\/www.sanserif.es\/wp-content\/uploads\/2021\/05\/210426-FotoEquipo-con-Sanserif-539x303.jpg 539w, https:\/\/www.sanserif.es\/wp-content\/uploads\/2021\/05\/210426-FotoEquipo-con-Sanserif-600x337.jpg 600w, https:\/\/www.sanserif.es\/wp-content\/uploads\/2021\/05\/210426-FotoEquipo-con-Sanserif.jpg 834w\" sizes=\"(max-width: 300px) 100vw, 300px\" \/><\/p>\n<p>#sanserifcreatius #codise\u00f1o #dise\u00f1ocolaborativo #UnionEuropea #Eramus+ #etiquetavino #tabureteoportuno #violenciadegenero #maltratador #v\u00edctima<\/p>\n","protected":false},"excerpt":{"rendered":"<p>First results of collaborative design part of the European Project \u201cErasmus+ Col-Creation\u201d; redesigned wine tags and sustainable stools to fight against gender-based violence. More to come soon. This initiative is part of conference sessions on collaborative designing and co-creation as a strategic tool for the&#8230;<\/p>\n","protected":false},"author":2,"featured_media":9337,"comment_status":"closed","ping_status":"open","sticky":false,"template":"","format":"standard","meta":[],"categories":[2104,2221],"tags":[3028,2988,3076,3075,2913,2068,3071],"_links":{"self":[{"href":"https:\/\/www.sanserif.es\/en\/wp-json\/wp\/v2\/posts\/9490"}],"collection":[{"href":"https:\/\/www.sanserif.es\/en\/wp-json\/wp\/v2\/posts"}],"about":[{"href":"https:\/\/www.sanserif.es\/en\/wp-json\/wp\/v2\/types\/post"}],"author":[{"embeddable":true,"href":"https:\/\/www.sanserif.es\/en\/wp-json\/wp\/v2\/users\/2"}],"replies":[{"embeddable":true,"href":"https:\/\/www.sanserif.es\/en\/wp-json\/wp\/v2\/comments?post=9490"}],"version-history":[{"count":1,"href":"https:\/\/www.sanserif.es\/en\/wp-json\/wp\/v2\/posts\/9490\/revisions"}],"predecessor-version":[{"id":9491,"href":"https:\/\/www.sanserif.es\/en\/wp-json\/wp\/v2\/posts\/9490\/revisions\/9491"}],"wp:featuredmedia":[{"embeddable":true,"href":"https:\/\/www.sanserif.es\/en\/wp-json\/wp\/v2\/media\/9337"}],"wp:attachment":[{"href":"https:\/\/www.sanserif.es\/en\/wp-json\/wp\/v2\/media?parent=9490"}],"wp:term":[{"taxonomy":"category","embeddable":true,"href":"https:\/\/www.sanserif.es\/en\/wp-json\/wp\/v2\/categories?post=9490"},{"taxonomy":"post_tag","embeddable":true,"href":"https:\/\/www.sanserif.es\/en\/wp-json\/wp\/v2\/tags?post=9490"}],"curies":[{"name":"wp","href":"https:\/\/api.w.org\/{rel}","templated":true}]}}