{"id":9488,"date":"2021-06-23T10:55:09","date_gmt":"2021-06-23T10:55:09","guid":{"rendered":"https:\/\/www.sanserif.es\/?p=9488\/"},"modified":"2022-03-04T10:57:27","modified_gmt":"2022-03-04T10:57:27","slug":"tu-yo-y-el-horizonte","status":"publish","type":"post","link":"https:\/\/www.sanserif.es\/en\/tu-yo-y-el-horizonte\/","title":{"rendered":"T\u00fa, yo y el horizonte"},"content":{"rendered":"<p>\u201cT\u00fa, yo y el horizonte\u201d (\u201cYou, I, and the horizon\u201d) is the art piece that we Sanserif Creatius have selected from the exhibition \u201cEspot xafar la l\u00ednia\u201d (loosely meaning \u201cYou can cross the line\u201d), which opens its doors today in Museo Valenciano de la Ilustraci\u00f3n y de la Modernidad (Valencian Museum of Illustration and Modernity).<\/p>\n<p>In the same way that the horizon draws a line between the sky and the sea, typographical baselines frame the font and turn it into a pause between two different worlds. It is only the eagerness to learn and discover that drives the designer to trespass these imaginary lines and rise up to the sky, like a bird. Or rather plunge into the deepness of the ocean that is the paper. Such traces that move in opposite directions are soulmates that will never meet.<\/p>\n<p>Lovers that are forced to live separately and that will never exist in the same space, even if they share a same origin. Like the sun and the moon. Like the bird and the fish, inhabitants of the same world, but forced to an impossible love.<\/p>\n<p>The exhibition is curated by Bego\u00f1a Jord\u00e1 and Jos\u00e9 Armijo from the M\u00e1ster en Artes Gr\u00e1ficas (Master Studies in Graphic Arts) in ETS de Ingenier\u00eda del Dise\u00f1o (Higher Technical School of Design Engineering) from university Universitat Polit\u00e8cnica de Val\u00e8ncia (UPV).<\/p>\n<p>#apictureisworthathousandwords #limitededition #inspireideas #sanserifcreatius #design #madeinspain #interiorism #decoration #workinprogress #typography #fonts #graphicdesign #decorativepanels #uniquesheets #MuVIM #ETSID #UPV #Diputaci\u00f3ndeValencia<\/p>\n","protected":false},"excerpt":{"rendered":"<p>\u201cT\u00fa, yo y el horizonte\u201d (\u201cYou, I, and the horizon\u201d) is the art piece that we Sanserif Creatius have selected from the exhibition \u201cEspot xafar la l\u00ednia\u201d (loosely meaning \u201cYou can cross the line\u201d), which opens its doors today in Museo Valenciano de la Ilustraci\u00f3n&#8230;<\/p>\n","protected":false},"author":2,"featured_media":9390,"comment_status":"closed","ping_status":"open","sticky":false,"template":"","format":"standard","meta":[],"categories":[2958,2104],"tags":[3028,3066,3067,3069,2068,2069,3074,3071],"_links":{"self":[{"href":"https:\/\/www.sanserif.es\/en\/wp-json\/wp\/v2\/posts\/9488"}],"collection":[{"href":"https:\/\/www.sanserif.es\/en\/wp-json\/wp\/v2\/posts"}],"about":[{"href":"https:\/\/www.sanserif.es\/en\/wp-json\/wp\/v2\/types\/post"}],"author":[{"embeddable":true,"href":"https:\/\/www.sanserif.es\/en\/wp-json\/wp\/v2\/users\/2"}],"replies":[{"embeddable":true,"href":"https:\/\/www.sanserif.es\/en\/wp-json\/wp\/v2\/comments?post=9488"}],"version-history":[{"count":1,"href":"https:\/\/www.sanserif.es\/en\/wp-json\/wp\/v2\/posts\/9488\/revisions"}],"predecessor-version":[{"id":9489,"href":"https:\/\/www.sanserif.es\/en\/wp-json\/wp\/v2\/posts\/9488\/revisions\/9489"}],"wp:featuredmedia":[{"embeddable":true,"href":"https:\/\/www.sanserif.es\/en\/wp-json\/wp\/v2\/media\/9390"}],"wp:attachment":[{"href":"https:\/\/www.sanserif.es\/en\/wp-json\/wp\/v2\/media?parent=9488"}],"wp:term":[{"taxonomy":"category","embeddable":true,"href":"https:\/\/www.sanserif.es\/en\/wp-json\/wp\/v2\/categories?post=9488"},{"taxonomy":"post_tag","embeddable":true,"href":"https:\/\/www.sanserif.es\/en\/wp-json\/wp\/v2\/tags?post=9488"}],"curies":[{"name":"wp","href":"https:\/\/api.w.org\/{rel}","templated":true}]}}