{"id":9485,"date":"2021-07-02T11:16:16","date_gmt":"2021-07-02T11:16:16","guid":{"rendered":"https:\/\/www.sanserif.es\/valencia-plaza-el-muvim-se-viste-de-letras\/"},"modified":"2022-03-04T10:52:35","modified_gmt":"2022-03-04T10:52:35","slug":"valencia-plaza-el-muvim-se-viste-de-letras","status":"publish","type":"post","link":"https:\/\/www.sanserif.es\/en\/valencia-plaza-el-muvim-se-viste-de-letras\/","title":{"rendered":"Valencia Plaza: El Muvim dressed in letters"},"content":{"rendered":"<p>Supplement CulturPlaza in newspaper Valencia Plaza includes an article on the exhibition \u201cEs pot xafar la l\u00ednia\u201d (loosely meaning \u201cYou can cross the line\u201d) at Museo Valenciano de la Ilustraci\u00f3n y de la Modernidad (Valencian Museum of Illustration and Modernity), in which it is our pleasure to participate as guest artists.<\/p>\n<p>\u201cFor the ninth year in a row, walls in the Sala de la Torre in the MuVIM are covered in letters as they welcome artistic works by students from M\u00e1ster en Artes Gr\u00e1ficas (Master Studies in Graphic Arts) from university Universitat Polit\u00e8cnica de Val\u00e8ncia (UPV), as well as works by great professionals in Valencian graphic design.<\/p>\n<p>Boke Baz\u00e1n, Gimeno Gr\u00e0fic, Calmo Estudio or Sanserif.es are some of the guest artists that will add their particular style and way of conceiving typography to that of the young talents in this 2021 edition.<\/p>\n<p>More info at: <a href=\"https:\/\/valenciaplaza.com\/el-muvim-se-viste-de-letras-para-rendir-un-homenaje-a-la-tipografia-y-su-juego-estetico\">https:\/\/valenciaplaza.com\/el-muvim-se-viste-de-letras-para-rendir-un-homenaje-a-la-tipografia-y-su-juego-estetico<\/a><\/p>\n<p>#apictureisworthathousandwords #limitededition #inspireideas #sanserifcreatius #design #madeinspain #interiorism #decoration #workinprogress #typography #fonts #graphicdesign\u00a0 #decorativepanels #uniquesheets #MuVIM #ETSID #UPV #Diputaci\u00f3ndeValencia<\/p>\n","protected":false},"excerpt":{"rendered":"<p>Supplement CulturPlaza in newspaper Valencia Plaza includes an article on the exhibition \u201cEs pot xafar la l\u00ednia\u201d (loosely meaning \u201cYou can cross the line\u201d) at Museo Valenciano de la Ilustraci\u00f3n y de la Modernidad (Valencian Museum of Illustration and Modernity), in which it is our&#8230;<\/p>\n","protected":false},"author":2,"featured_media":9387,"comment_status":"closed","ping_status":"open","sticky":false,"template":"","format":"standard","meta":[],"categories":[2958,2104],"tags":[3028,3065,3066,3067,3068,3069,2068,3073,3071,3072],"_links":{"self":[{"href":"https:\/\/www.sanserif.es\/en\/wp-json\/wp\/v2\/posts\/9485"}],"collection":[{"href":"https:\/\/www.sanserif.es\/en\/wp-json\/wp\/v2\/posts"}],"about":[{"href":"https:\/\/www.sanserif.es\/en\/wp-json\/wp\/v2\/types\/post"}],"author":[{"embeddable":true,"href":"https:\/\/www.sanserif.es\/en\/wp-json\/wp\/v2\/users\/2"}],"replies":[{"embeddable":true,"href":"https:\/\/www.sanserif.es\/en\/wp-json\/wp\/v2\/comments?post=9485"}],"version-history":[{"count":2,"href":"https:\/\/www.sanserif.es\/en\/wp-json\/wp\/v2\/posts\/9485\/revisions"}],"predecessor-version":[{"id":9487,"href":"https:\/\/www.sanserif.es\/en\/wp-json\/wp\/v2\/posts\/9485\/revisions\/9487"}],"wp:featuredmedia":[{"embeddable":true,"href":"https:\/\/www.sanserif.es\/en\/wp-json\/wp\/v2\/media\/9387"}],"wp:attachment":[{"href":"https:\/\/www.sanserif.es\/en\/wp-json\/wp\/v2\/media?parent=9485"}],"wp:term":[{"taxonomy":"category","embeddable":true,"href":"https:\/\/www.sanserif.es\/en\/wp-json\/wp\/v2\/categories?post=9485"},{"taxonomy":"post_tag","embeddable":true,"href":"https:\/\/www.sanserif.es\/en\/wp-json\/wp\/v2\/tags?post=9485"}],"curies":[{"name":"wp","href":"https:\/\/api.w.org\/{rel}","templated":true}]}}