{"id":9481,"date":"2023-05-24T11:01:19","date_gmt":"2023-05-24T11:01:19","guid":{"rendered":"https:\/\/www.sanserif.es\/marca-para-la-artesania-de-la-cv\/"},"modified":"2023-05-25T11:28:51","modified_gmt":"2023-05-25T11:28:51","slug":"marca-para-la-artesania-de-la-cv","status":"publish","type":"post","link":"https:\/\/www.sanserif.es\/en\/marca-para-la-artesania-de-la-cv\/","title":{"rendered":"Trademark design for craftmanship in Comunitat Valenciana"},"content":{"rendered":"<p>Trademark design for craftmanship in Comunitat Valenciana<\/p>\n<p>Traditional commercial market is in an intensive care unit due to the pandemic, and for this reason handicraft needs to be approached in a new way, countering industrialisation and highlighting values like sustainability, local know-how, cosiness and handwork, as well as respect towards materials.<\/p>\n<p>This were the principles under which we renewed trademark design for Artesan\u00eda de la Comunidad Valenciana (Comunidad Valenciana\u2019s craftmanship), and time proved us right. A trademark to which we imbued dynamism, movement and a more modern taste. A trademark fitted for the 21<sup>st<\/sup> century.<\/p>\n<p><iframe loading=\"lazy\" title=\"Evoluci\u00f3n de la marca del CACV realizada por Sanserif.es\" width=\"1060\" height=\"596\" src=\"https:\/\/www.youtube.com\/embed\/9Q9UlM-KV2s?feature=oembed\" frameborder=\"0\" allow=\"accelerometer; autoplay; clipboard-write; encrypted-media; gyroscope; picture-in-picture; web-share\" allowfullscreen><\/iframe><\/p>\n<p>#sanserifcreatius #inspireideas #cosasquehacemos #dise\u00f1o #design #unaimagenvalemasquemilpalabras #decoracion #madeinspain #interiorismo #Artesan\u00eda #CACV #ComunitatValenciana #crafts #trademark #marca #sostenibilidad #CentrodeArtesan\u00eda<\/p>\n","protected":false},"excerpt":{"rendered":"<p>Trademark design for craftmanship in Comunitat Valenciana Traditional commercial market is in an intensive care unit due to the pandemic, and for this reason handicraft needs to be approached in a new way, countering industrialisation and highlighting values like sustainability, local know-how, cosiness and handwork,&#8230;<\/p>\n","protected":false},"author":2,"featured_media":9384,"comment_status":"closed","ping_status":"open","sticky":false,"template":"","format":"standard","meta":[],"categories":[2942,2104,2968],"tags":[3028,1265,954,2489,3230,2068,2069,2249],"_links":{"self":[{"href":"https:\/\/www.sanserif.es\/en\/wp-json\/wp\/v2\/posts\/9481"}],"collection":[{"href":"https:\/\/www.sanserif.es\/en\/wp-json\/wp\/v2\/posts"}],"about":[{"href":"https:\/\/www.sanserif.es\/en\/wp-json\/wp\/v2\/types\/post"}],"author":[{"embeddable":true,"href":"https:\/\/www.sanserif.es\/en\/wp-json\/wp\/v2\/users\/2"}],"replies":[{"embeddable":true,"href":"https:\/\/www.sanserif.es\/en\/wp-json\/wp\/v2\/comments?post=9481"}],"version-history":[{"count":2,"href":"https:\/\/www.sanserif.es\/en\/wp-json\/wp\/v2\/posts\/9481\/revisions"}],"predecessor-version":[{"id":9483,"href":"https:\/\/www.sanserif.es\/en\/wp-json\/wp\/v2\/posts\/9481\/revisions\/9483"}],"wp:featuredmedia":[{"embeddable":true,"href":"https:\/\/www.sanserif.es\/en\/wp-json\/wp\/v2\/media\/9384"}],"wp:attachment":[{"href":"https:\/\/www.sanserif.es\/en\/wp-json\/wp\/v2\/media?parent=9481"}],"wp:term":[{"taxonomy":"category","embeddable":true,"href":"https:\/\/www.sanserif.es\/en\/wp-json\/wp\/v2\/categories?post=9481"},{"taxonomy":"post_tag","embeddable":true,"href":"https:\/\/www.sanserif.es\/en\/wp-json\/wp\/v2\/tags?post=9481"}],"curies":[{"name":"wp","href":"https:\/\/api.w.org\/{rel}","templated":true}]}}