{"id":9476,"date":"2021-05-04T18:27:38","date_gmt":"2021-05-04T18:27:38","guid":{"rendered":"https:\/\/www.sanserif.es\/co-creacion-con-koopera\/"},"modified":"2022-03-04T10:39:59","modified_gmt":"2022-03-04T10:39:59","slug":"co-creacion-con-koopera","status":"publish","type":"post","link":"https:\/\/www.sanserif.es\/en\/co-creacion-con-koopera\/","title":{"rendered":"Co-creaci\u00f3n con Koopera"},"content":{"rendered":"<p>Ya estamos en el ecuador del proyecto de talleres de co-creaci\u00f3n en @koopera_org #kooperamediterranea y ya se empiezan a ver cosas interesantes\u2026<\/p>\n<p>Desde sanserif.es en la figura de @anayagosanserif estamos encantados en colaborar con el proyecto \u201cDise\u00f1o: Lo por venir\u201d impulsado por @idecart_arteterapia y la @wdcvalencia2022<\/p>\n<p>El objetivo es ayudar a personas con dificultades en \u00e1mbitos sociales, educativos o sanitarios a la #inserci\u00f3n en el mercado laboral y fomentar el emprendimiento mediante procesos creativos basados en la arteterapia, el reciclaye, la reutilizaci\u00f3n y el desarrollo personal.<\/p>\n<p>En total, una veintena de dise\u00f1adores y arteterapeutas trabajan con distintos colectivos y asociaciones en un proyecto de co-creaci\u00f3n orientado a la inclusi\u00f3n social.<\/p>\n<p>M\u00e1s info en: https:\/\/cutt.ly\/BjIma98<\/p>\n<p>#sanserifcreatius #AnaYago #covid19 #wdc2022 #Valencia #CapitaldeDise\u00f1o #Idecart #exclusionsocial #inclusionlaboral #empleo #reciclaje #reutilizacion #Ribarroja #personas #SomosADCV<\/p>\n","protected":false},"excerpt":{"rendered":"<p>Ya estamos en el ecuador del proyecto de talleres de co-creaci\u00f3n en @koopera_org #kooperamediterranea y ya se empiezan a ver cosas interesantes\u2026 Desde sanserif.es en la figura de @anayagosanserif estamos encantados en colaborar con el proyecto \u201cDise\u00f1o: Lo por venir\u201d impulsado por @idecart_arteterapia y la&#8230;<\/p>\n","protected":false},"author":2,"featured_media":9341,"comment_status":"closed","ping_status":"open","sticky":false,"template":"","format":"standard","meta":[],"categories":[2051],"tags":[3028,3061,3062,3063,3064],"_links":{"self":[{"href":"https:\/\/www.sanserif.es\/en\/wp-json\/wp\/v2\/posts\/9476"}],"collection":[{"href":"https:\/\/www.sanserif.es\/en\/wp-json\/wp\/v2\/posts"}],"about":[{"href":"https:\/\/www.sanserif.es\/en\/wp-json\/wp\/v2\/types\/post"}],"author":[{"embeddable":true,"href":"https:\/\/www.sanserif.es\/en\/wp-json\/wp\/v2\/users\/2"}],"replies":[{"embeddable":true,"href":"https:\/\/www.sanserif.es\/en\/wp-json\/wp\/v2\/comments?post=9476"}],"version-history":[{"count":3,"href":"https:\/\/www.sanserif.es\/en\/wp-json\/wp\/v2\/posts\/9476\/revisions"}],"predecessor-version":[{"id":9479,"href":"https:\/\/www.sanserif.es\/en\/wp-json\/wp\/v2\/posts\/9476\/revisions\/9479"}],"wp:featuredmedia":[{"embeddable":true,"href":"https:\/\/www.sanserif.es\/en\/wp-json\/wp\/v2\/media\/9341"}],"wp:attachment":[{"href":"https:\/\/www.sanserif.es\/en\/wp-json\/wp\/v2\/media?parent=9476"}],"wp:term":[{"taxonomy":"category","embeddable":true,"href":"https:\/\/www.sanserif.es\/en\/wp-json\/wp\/v2\/categories?post=9476"},{"taxonomy":"post_tag","embeddable":true,"href":"https:\/\/www.sanserif.es\/en\/wp-json\/wp\/v2\/tags?post=9476"}],"curies":[{"name":"wp","href":"https:\/\/api.w.org\/{rel}","templated":true}]}}