{"id":8697,"date":"2020-02-12T17:25:48","date_gmt":"2020-02-12T17:25:48","guid":{"rendered":"http:\/\/www.sanserif.es\/?p=8697\/"},"modified":"2020-03-24T17:32:16","modified_gmt":"2020-03-24T17:32:16","slug":"when-it-rains-in-february-it-will-be-temperate-all-the-year","status":"publish","type":"post","link":"https:\/\/www.sanserif.es\/en\/when-it-rains-in-february-it-will-be-temperate-all-the-year\/","title":{"rendered":"When it rains in February, it will be temperate all the year"},"content":{"rendered":"<p><img loading=\"lazy\" class=\"alignnone size-thumbnail wp-image-8032 alignleft\" src=\"http:\/\/www.sanserif.es\/wp-content\/uploads\/2019\/02\/RetratJgimBN-experimenta-150x150.jpg\" alt=\"\" width=\"150\" height=\"150\" srcset=\"https:\/\/www.sanserif.es\/wp-content\/uploads\/2019\/02\/RetratJgimBN-experimenta-150x150.jpg 150w, https:\/\/www.sanserif.es\/wp-content\/uploads\/2019\/02\/RetratJgimBN-experimenta-300x300.jpg 300w, https:\/\/www.sanserif.es\/wp-content\/uploads\/2019\/02\/RetratJgimBN-experimenta-100x100.jpg 100w\" sizes=\"(max-width: 150px) 100vw, 150px\" \/>Source: <a href=\"http:\/\/tribunalibre.es\/flor-de-febrero-no-va-al-granero\/\">Tribuna Libre<\/a><\/p>\n<p style=\"text-align: left;\">As the Spanish proverb says, \u201cthe month of February is the one of wary\u201d (febrero es un mes embustero). And it\u2019s not going to be me the one contradicting the popular wisdom. One of those months in which you doubt between wrapping yourself up and being seduced by that tricky sun which may make you sweat as well as it may share the sky with a frozen wind that freeze you regardless how many clothes you wear.<\/p>\n<p style=\"text-align: left;\">Despite this crazy weather, I headed towards the meeting of In\u00e9s Arrimadas with members and supporters, among others, with the aim of testing the circles and listening first-hand the speech of the leader. Our eyes trust themselves, our ears trust others (Los ojos se f\u00edan de ellos mismos, las orejas se f\u00edan de los dem\u00e1s).<\/p>\n<p style=\"text-align: left;\">There\u2019s nothing new under the sun of Valencia. A well-armed and well-spoken speech by a great speaker, with the exact pinch of salt and some fresh touches of mint -coarse euphemism of freshness-. A necessary, but empty speech. The same happened with Albert Rivera -maybe discouraged after the lost battles-, who tried to raise a good word towards the members when numbers didn\u2019t show up. However, what his lips did show was the cold and metallic echo of robotics. The same virus seems to be affecting Arrimadas, as well.<\/p>\n<p>If 2020 is such sweet to bring us an extra day, Arrimadas did sweet talk us with measures biased to promoting the participation of those who attended -the own Gallic village chasing its dream to articulate a centre-wing option-, a talent pool and the member\u2019s office. That carrot which is already fed up of being defrosted and refrozen again and again. That carrot that has lost its taste and smell because weird is the gift that doesn&#8217;t hide something wicked.<\/p>\n<p>It doesn\u2019t mean that Arrimadas and her royal guardian have hatched an obscure plan to take over the power of the party, including the promotional tour, with the aim of perpetuating the pyramid-shaped model of Ciudadanos. The thing is that it is not necessary. There\u2019s no way. It\u2019s the best choice and she knows it. All of us are aware of it. Of her aptitudes. The worst -and here we have the wicked gift- is that nothing has changed, and it doesn\u2019t seem to happen. She needn\u2019t it<\/p>\n<p>Some people say that actions speak louder than words. And they are absolutely right. We really want to believe Arrimadas\u2019s words \u2013 or, at least, that\u2019s what I hope \u2013, but the present reality is that not only has the member&#8217;s opinion not been heard nor heeded, but also the mere suggestion. Not to mention the clamour, when it has existed. And I do not mean after the electoral debacle, but long before.\u00a0 We just have to follow the trickle of people leaving without slamming the door, even before the previous assembly.<\/p>\n<p>This Saturday, Arrimadas could have made a difference, besides presenting us her promotional speech and taking pictures with those who are well-known in social media. She could have turned her words into acts. Sitting with the masses and listening first-hand to what they don&#8217;t dare to tell her, if they have the slightest notion of it, the different steps that shape that Aztec pyramid that this party has become.<\/p>\n<p>What\u2019s more, it is honest to show her view of the imminent electoral processes that we are facing this year \u2013 Catalonia, the Basque Country and Galicia. She is honoured to bring to the table the need for an exceptional consensual policy for an exceptional political period \u2013 Mejor Unidos (Better United). The worrying thing is that this should be the norm. Voting for a person because of his\/her concrete proposals and not because of the absence of an opponent in the weight of such category.<\/p>\n<p>As a Spanish proverb says, which I&#8217;m sure more than one of the manager&#8217;s meteorologists knows, March thundering is not surprising. And that\u2019s why The Fifth Assembly will be \u2013 or should be \u2013 a real brainstorming session, but it will probably remain just as misty rain. We hope that it just doesn\u2019t fall to the hole of political irrelevance because Spain needs a centre option like that of Ciudadanos. Hopefully, their attitude still persists.<\/p>\n<p>When it thunders in March, it brings sorrow. If the party really listens to the grassroots, stops living by popular demand, and develops a structure &#8211; yes, one, not seventeen, but with seventeen areas of communication &#8211; in which we work bidirectionally so that ideas, messages and proposals flow by themselves&#8230; As a result, with the national elections around the corner, we will be ready in a year.<\/p>\n<p>However, my mood falters today, and I\u2019m of the opinion that when March comes in like a lion, it goes out like a lamb (si en marzo marcea, en abril abrilea). In other words, if there are no changes, we\u2019ll live through another cheating March, one day bad and the next day worse. And, for the third time in this young democracy, a choice of centre will have succumbed to inbreeding and elite supremacy.<\/p>\n<p>False proverbs and mad Februarys would be scary.<\/p>\n<p>*****<\/p>\n<p>By Jos\u00e9 Antonio Gim\u00e9nez<\/p>\n<p>Marketing analyst in Sanserif.es<\/p>\n","protected":false},"excerpt":{"rendered":"<p>Source: Tribuna Libre As the Spanish proverb says, \u201cthe month of February is the one of wary\u201d (febrero es un mes embustero). And it\u2019s not going to be me the one contradicting the popular wisdom. One of those months in which you doubt between wrapping&#8230;<\/p>\n","protected":false},"author":2,"featured_media":8698,"comment_status":"closed","ping_status":"open","sticky":false,"template":"","format":"standard","meta":[],"categories":[2236,2051],"tags":[2313,2640,2777],"_links":{"self":[{"href":"https:\/\/www.sanserif.es\/en\/wp-json\/wp\/v2\/posts\/8697"}],"collection":[{"href":"https:\/\/www.sanserif.es\/en\/wp-json\/wp\/v2\/posts"}],"about":[{"href":"https:\/\/www.sanserif.es\/en\/wp-json\/wp\/v2\/types\/post"}],"author":[{"embeddable":true,"href":"https:\/\/www.sanserif.es\/en\/wp-json\/wp\/v2\/users\/2"}],"replies":[{"embeddable":true,"href":"https:\/\/www.sanserif.es\/en\/wp-json\/wp\/v2\/comments?post=8697"}],"version-history":[{"count":1,"href":"https:\/\/www.sanserif.es\/en\/wp-json\/wp\/v2\/posts\/8697\/revisions"}],"predecessor-version":[{"id":8699,"href":"https:\/\/www.sanserif.es\/en\/wp-json\/wp\/v2\/posts\/8697\/revisions\/8699"}],"wp:featuredmedia":[{"embeddable":true,"href":"https:\/\/www.sanserif.es\/en\/wp-json\/wp\/v2\/media\/8698"}],"wp:attachment":[{"href":"https:\/\/www.sanserif.es\/en\/wp-json\/wp\/v2\/media?parent=8697"}],"wp:term":[{"taxonomy":"category","embeddable":true,"href":"https:\/\/www.sanserif.es\/en\/wp-json\/wp\/v2\/categories?post=8697"},{"taxonomy":"post_tag","embeddable":true,"href":"https:\/\/www.sanserif.es\/en\/wp-json\/wp\/v2\/tags?post=8697"}],"curies":[{"name":"wp","href":"https:\/\/api.w.org\/{rel}","templated":true}]}}