{"id":8599,"date":"2020-01-10T11:39:05","date_gmt":"2020-01-10T11:39:05","guid":{"rendered":"http:\/\/www.sanserif.es\/?p=8599\/"},"modified":"2020-01-15T11:43:32","modified_gmt":"2020-01-15T11:43:32","slug":"diumenge-paella-preview","status":"publish","type":"post","link":"https:\/\/www.sanserif.es\/en\/diumenge-paella-preview\/","title":{"rendered":"Diumenge Paella preview"},"content":{"rendered":"<p>The presentation of the Valencian version of @modernfamily_ starts but with 100% Valencian roots. @diumengepaellaap With @empar_marco y @sandra_cerpe @sandracervera_fansitalia in #lafilmoteca #sitcom #comedy #paella #apunt @beniwood.producciones<\/p>\n<p>En Wikipedia la resumen as\u00ed: Diumenge Paella es una serie de televisi\u00f3n en lengua valenciana, coproducida por Beniwood Producciones junto con \u00c0 Punt M\u00e8dia para el canal auton\u00f3mico \u00c0 Punt. La serie se estren\u00f3 el 12 de enero de 2020 a las 21:15, siendo la primera ficci\u00f3n de comedia de situaci\u00f3n de televisi\u00f3n para el canal auton\u00f3mico valenciano. La primera temporada de la serie tiene 13 episodios con una duraci\u00f3n de 25 minutos por cap\u00edtulo.<\/p>\n<p>M\u00e1s info en <a href=\"https:\/\/es.wikipedia.org\/wiki\/Diumenge_Paella\">Wikipedia<\/a><\/p>\n<p>Para ver la serie: https:\/\/apuntmedia.es\/va\/a-la-carta\/series\/diumenge&#8211;paella<\/p>\n","protected":false},"excerpt":{"rendered":"<p>The presentation of the Valencian version of @modernfamily_ starts but with 100% Valencian roots. @diumengepaellaap With @empar_marco y @sandra_cerpe @sandracervera_fansitalia in #lafilmoteca #sitcom #comedy #paella #apunt @beniwood.producciones En Wikipedia la resumen as\u00ed: Diumenge Paella es una serie de televisi\u00f3n en lengua valenciana, coproducida por Beniwood&#8230;<\/p>\n","protected":false},"author":2,"featured_media":8597,"comment_status":"closed","ping_status":"open","sticky":false,"template":"","format":"standard","meta":[],"categories":[2235,2666],"tags":[3520,2289,2286,2667],"_links":{"self":[{"href":"https:\/\/www.sanserif.es\/en\/wp-json\/wp\/v2\/posts\/8599"}],"collection":[{"href":"https:\/\/www.sanserif.es\/en\/wp-json\/wp\/v2\/posts"}],"about":[{"href":"https:\/\/www.sanserif.es\/en\/wp-json\/wp\/v2\/types\/post"}],"author":[{"embeddable":true,"href":"https:\/\/www.sanserif.es\/en\/wp-json\/wp\/v2\/users\/2"}],"replies":[{"embeddable":true,"href":"https:\/\/www.sanserif.es\/en\/wp-json\/wp\/v2\/comments?post=8599"}],"version-history":[{"count":1,"href":"https:\/\/www.sanserif.es\/en\/wp-json\/wp\/v2\/posts\/8599\/revisions"}],"predecessor-version":[{"id":8600,"href":"https:\/\/www.sanserif.es\/en\/wp-json\/wp\/v2\/posts\/8599\/revisions\/8600"}],"wp:featuredmedia":[{"embeddable":true,"href":"https:\/\/www.sanserif.es\/en\/wp-json\/wp\/v2\/media\/8597"}],"wp:attachment":[{"href":"https:\/\/www.sanserif.es\/en\/wp-json\/wp\/v2\/media?parent=8599"}],"wp:term":[{"taxonomy":"category","embeddable":true,"href":"https:\/\/www.sanserif.es\/en\/wp-json\/wp\/v2\/categories?post=8599"},{"taxonomy":"post_tag","embeddable":true,"href":"https:\/\/www.sanserif.es\/en\/wp-json\/wp\/v2\/tags?post=8599"}],"curies":[{"name":"wp","href":"https:\/\/api.w.org\/{rel}","templated":true}]}}