{"id":7976,"date":"2018-12-03T09:46:05","date_gmt":"2018-12-03T09:46:05","guid":{"rendered":"http:\/\/www.sanserif.es\/?p=7976\/"},"modified":"2019-02-04T09:53:11","modified_gmt":"2019-02-04T09:53:11","slug":"design-at-the-macvac","status":"publish","type":"post","link":"https:\/\/www.sanserif.es\/en\/design-at-the-macvac\/","title":{"rendered":"Design at the MACVAC"},"content":{"rendered":"<p>The exhibition Vis a Vis is a bet by MACVAC and Asociaci\u00f3n de Dise\u00f1adores y Creativos de Castell\u00f3n that plays with the blurry border between art and design through the superposition of works and objects. Thanks to the person who is in charge of Exprimidora, David D\u00edaz Mundina, to the director of Consorci de Museus, Jos\u00e9 Luis P\u00e9rez Pont, and to the MACVAC\u2019s director, Rosal\u00eda Torrent, pieces like the GrandPa Clock by Sanserif Creatius share spaces with other designers \u2013 Pepe Gimero, Alex Selma, or Marisa Gallen\u2026- and some of the main pieces of contemporary art of MACVAC in a dialogue filled with anecdotes and visual games.<\/p>\n<p><strong><img loading=\"lazy\" class=\"alignnone size-full wp-image-7989\" src=\"http:\/\/www.sanserif.es\/wp-content\/uploads\/2019\/02\/ValenciaPlaza-3-12-18-y2.png\" alt=\"\" width=\"758\" height=\"933\" srcset=\"https:\/\/www.sanserif.es\/wp-content\/uploads\/2019\/02\/ValenciaPlaza-3-12-18-y2.png 758w, https:\/\/www.sanserif.es\/wp-content\/uploads\/2019\/02\/ValenciaPlaza-3-12-18-y2-600x739.png 600w, https:\/\/www.sanserif.es\/wp-content\/uploads\/2019\/02\/ValenciaPlaza-3-12-18-y2-244x300.png 244w, https:\/\/www.sanserif.es\/wp-content\/uploads\/2019\/02\/ValenciaPlaza-3-12-18-y2-700x862.png 700w\" sizes=\"(max-width: 758px) 100vw, 758px\" \/><\/strong><\/p>\n<p><strong>Important;<\/strong> <em>(\u2026) This is exactly what happens with the particular version of Las Meninas by Vicente Traver Calzada that has been placed next to the Grandpa Clock created by Sanserif Creatius. On one hand, we find the iconic painting by Vel\u00e1zquez represented through materials external to different human bodies: from cardboard, paper, and different waste materials. And on the other hand, a clock made by the same materials used by designers for their cardboard furniture.\u00a0 \u201cThey share a very common view because they bestow another meaning and value on this material\u201d. \u201cWe say goodbye to \u2018disposable\u2019 to give it a more aesthetic and treasured aspect\u201d, reflected the artists on their own work.\u00a0 (\u2026)<\/em> More information in <a href=\"https:\/\/valenciaplaza.com\/ArtequeesdiseoydiseoqueesarteVilafamsuneambasdisciplinasenunpeculiarvisavis\">Valencia Pla<\/a><\/p>\n","protected":false},"excerpt":{"rendered":"<p>The exhibition Vis a Vis is a bet by MACVAC and Asociaci\u00f3n de Dise\u00f1adores y Creativos de Castell\u00f3n that plays with the blurry border between art and design through the superposition of works and objects. Thanks to the person who is in charge of Exprimidora,&#8230;<\/p>\n","protected":false},"author":2,"featured_media":7988,"comment_status":"closed","ping_status":"open","sticky":false,"template":"","format":"standard","meta":[],"categories":[2051],"tags":[2269,2267,2270,2271,2068,2069,2266],"_links":{"self":[{"href":"https:\/\/www.sanserif.es\/en\/wp-json\/wp\/v2\/posts\/7976"}],"collection":[{"href":"https:\/\/www.sanserif.es\/en\/wp-json\/wp\/v2\/posts"}],"about":[{"href":"https:\/\/www.sanserif.es\/en\/wp-json\/wp\/v2\/types\/post"}],"author":[{"embeddable":true,"href":"https:\/\/www.sanserif.es\/en\/wp-json\/wp\/v2\/users\/2"}],"replies":[{"embeddable":true,"href":"https:\/\/www.sanserif.es\/en\/wp-json\/wp\/v2\/comments?post=7976"}],"version-history":[{"count":2,"href":"https:\/\/www.sanserif.es\/en\/wp-json\/wp\/v2\/posts\/7976\/revisions"}],"predecessor-version":[{"id":7990,"href":"https:\/\/www.sanserif.es\/en\/wp-json\/wp\/v2\/posts\/7976\/revisions\/7990"}],"wp:featuredmedia":[{"embeddable":true,"href":"https:\/\/www.sanserif.es\/en\/wp-json\/wp\/v2\/media\/7988"}],"wp:attachment":[{"href":"https:\/\/www.sanserif.es\/en\/wp-json\/wp\/v2\/media?parent=7976"}],"wp:term":[{"taxonomy":"category","embeddable":true,"href":"https:\/\/www.sanserif.es\/en\/wp-json\/wp\/v2\/categories?post=7976"},{"taxonomy":"post_tag","embeddable":true,"href":"https:\/\/www.sanserif.es\/en\/wp-json\/wp\/v2\/tags?post=7976"}],"curies":[{"name":"wp","href":"https:\/\/api.w.org\/{rel}","templated":true}]}}