{"id":7632,"date":"2016-11-28T12:11:06","date_gmt":"2016-11-28T12:11:06","guid":{"rendered":"http:\/\/www.sanserif.es\/furnit-u-sanserif-creatius-elegidos-en-talents-2017\/"},"modified":"2017-02-05T21:27:49","modified_gmt":"2017-02-05T21:27:49","slug":"furnit-u-sanserif-creatius-elegidos-en-talents-2017","status":"publish","type":"post","link":"https:\/\/www.sanserif.es\/en\/furnit-u-sanserif-creatius-elegidos-en-talents-2017\/","title":{"rendered":"Furnit-U: Sanserif Creatius elegidos en Talents 2017"},"content":{"rendered":"<p><span style=\"color: #3366ff;\">Furnit-U \u00b7 31\/10\/2016<\/span><\/p>\n<p style=\"text-align: justify;\"><span style=\"color: #808080;\"><strong>Extracto:<\/strong> <em>(\u00b7\u00b7\u00b7) Entre las piezas m\u00e1s innovadoras que presentara <a href=\"http:\/\/www.sanserif.es\">Sanserif Creatius<\/a>, destaca la colecci\u00f3n Palmito Sense &amp; Palmito City, un proyecto que recupera el lenguaje tradicional del palmito -abanico- valenciano como complemento unisex. Una l\u00ednea de abanicos que incorpora expresiones coloquiales, onomatopeyas y palabras con doble intenci\u00f3n que incitan a la comunicaci\u00f3n visual y ayudan a romper el hielo en el primer contacto entre los j\u00f3venes (\u00b7\u00b7\u00b7)<\/em><\/span> M\u00e1s info en <a href=\"https:\/\/www.furnit-u.com\/noticias\/28_sanserif-elegidos-talents-2017-feria-ambiente.html\">Furnit-U<\/a><\/p>\n","protected":false},"excerpt":{"rendered":"<p>Furnit-U \u00b7 31\/10\/2016 Extracto: (\u00b7\u00b7\u00b7) Entre las piezas m\u00e1s innovadoras que presentara Sanserif Creatius, destaca la colecci\u00f3n Palmito Sense &amp; Palmito City, un proyecto que recupera el lenguaje tradicional del palmito -abanico- valenciano como complemento unisex. Una l\u00ednea de abanicos que incorpora expresiones coloquiales, onomatopeyas&#8230;<\/p>\n","protected":false},"author":2,"featured_media":7420,"comment_status":"open","ping_status":"open","sticky":false,"template":"","format":"standard","meta":[],"categories":[2088,2051],"tags":[2112,2091,2113,2114,2068,2069],"_links":{"self":[{"href":"https:\/\/www.sanserif.es\/en\/wp-json\/wp\/v2\/posts\/7632"}],"collection":[{"href":"https:\/\/www.sanserif.es\/en\/wp-json\/wp\/v2\/posts"}],"about":[{"href":"https:\/\/www.sanserif.es\/en\/wp-json\/wp\/v2\/types\/post"}],"author":[{"embeddable":true,"href":"https:\/\/www.sanserif.es\/en\/wp-json\/wp\/v2\/users\/2"}],"replies":[{"embeddable":true,"href":"https:\/\/www.sanserif.es\/en\/wp-json\/wp\/v2\/comments?post=7632"}],"version-history":[{"count":0,"href":"https:\/\/www.sanserif.es\/en\/wp-json\/wp\/v2\/posts\/7632\/revisions"}],"wp:featuredmedia":[{"embeddable":true,"href":"https:\/\/www.sanserif.es\/en\/wp-json\/wp\/v2\/media\/7420"}],"wp:attachment":[{"href":"https:\/\/www.sanserif.es\/en\/wp-json\/wp\/v2\/media?parent=7632"}],"wp:term":[{"taxonomy":"category","embeddable":true,"href":"https:\/\/www.sanserif.es\/en\/wp-json\/wp\/v2\/categories?post=7632"},{"taxonomy":"post_tag","embeddable":true,"href":"https:\/\/www.sanserif.es\/en\/wp-json\/wp\/v2\/tags?post=7632"}],"curies":[{"name":"wp","href":"https:\/\/api.w.org\/{rel}","templated":true}]}}