{"id":7628,"date":"2016-12-12T11:16:48","date_gmt":"2016-12-12T11:16:48","guid":{"rendered":"http:\/\/www.sanserif.es\/un-avance-del-nuevo-catalogo-de-ziru-contract\/"},"modified":"2017-02-05T21:25:09","modified_gmt":"2017-02-05T21:25:09","slug":"un-avance-del-nuevo-catalogo-de-ziru-contract","status":"publish","type":"post","link":"https:\/\/www.sanserif.es\/en\/un-avance-del-nuevo-catalogo-de-ziru-contract\/","title":{"rendered":"Un avance del nuevo cat\u00e1logo de Ziru Contract"},"content":{"rendered":"<p>[vc_row css_animation=&#8221;&#8221; row_type=&#8221;row&#8221; use_row_as_full_screen_section=&#8221;no&#8221; type=&#8221;full_width&#8221; angled_section=&#8221;no&#8221; text_align=&#8221;left&#8221; background_image_as_pattern=&#8221;without_pattern&#8221;][vc_column][vc_column_text]<\/p>\n<p style=\"text-align: justify;\"><a href=\"http:\/\/zirucontract.com\/\">Ziru Contract<\/a> necesitaba reinventarse y confi\u00f3 en <a href=\"http:\/\/www.sanserif.es\/\">Sanserif Creatius<\/a> para adaptar su imagen y su forma de relacionarse con los clientes. Y el nuevo cat\u00e1lago de esta firma de mobiliario es el primer paso de este renacimiento orientado a los nuevos mercados y consumidores; j\u00f3venes, conectados con la tecnolog\u00eda y con conciencia social.<\/p>\n<p>[\/vc_column_text][vc_video link=&#8221;https:\/\/youtu.be\/O-YhhSBgfaw&#8221; css=&#8221;.vc_custom_1485211490503{margin-top: 20px !important;margin-bottom: 20px !important;}&#8221;][vc_column_text]<\/p>\n<p style=\"text-align: justify;\">Es s\u00f3lo un avance de una nueva forma de entender un cat\u00e1logo de contract, ideado tanto para profesionales como para clientes finales. Un nuevo formato, similar al tradicional cat\u00e1logo, pero con sistemas de b\u00fasqueda y v\u00ednculos relacionales que permiten recorrerlo en cualquier direcci\u00f3n. Una herramienta de trabajo que facilita el acceso a\u00a0la informaci\u00f3n necesaria y que redirecciona al usuario hacia los elementos compatibles.<\/p>\n<p style=\"text-align: justify;\">Otra propuesta innovadora de <a href=\"http:\/\/www.sanserif.es\/\">Sanserif Creatius<\/a> que vuelve a marcar una nueva tendencia en el dise\u00f1o editorial, como ya hizo para firmas como <a href=\"http:\/\/www.zarahome.com\/es\/\">Zara Home<\/a>, <a href=\"http:\/\/www.dusen.es\/\">Platino<\/a> o <a href=\"http:\/\/porvasal.es\/\">Porvasal<\/a>, entre otras. El resultado final llegar\u00e1 con el nuevo a\u00f1o.<\/p>\n<p>[\/vc_column_text][\/vc_column][\/vc_row]<\/p>\n","protected":false},"excerpt":{"rendered":"<p>Ziru Contract necesitaba reinventarse y confi\u00f3 en Sanserif Creatius para adaptar su imagen y su forma de relacionarse con los clientes. Y el nuevo cat\u00e1lago de esta firma de mobiliario es el primer paso de este renacimiento orientado a los nuevos mercados y consumidores; j\u00f3venes, conectados con la tecnolog\u00eda y con conciencia social.<\/p>\n","protected":false},"author":2,"featured_media":7429,"comment_status":"open","ping_status":"open","sticky":false,"template":"","format":"standard","meta":[],"categories":[2051],"tags":[2105,2106,2107,2108,2068,2069,2109,2110,2111],"_links":{"self":[{"href":"https:\/\/www.sanserif.es\/en\/wp-json\/wp\/v2\/posts\/7628"}],"collection":[{"href":"https:\/\/www.sanserif.es\/en\/wp-json\/wp\/v2\/posts"}],"about":[{"href":"https:\/\/www.sanserif.es\/en\/wp-json\/wp\/v2\/types\/post"}],"author":[{"embeddable":true,"href":"https:\/\/www.sanserif.es\/en\/wp-json\/wp\/v2\/users\/2"}],"replies":[{"embeddable":true,"href":"https:\/\/www.sanserif.es\/en\/wp-json\/wp\/v2\/comments?post=7628"}],"version-history":[{"count":0,"href":"https:\/\/www.sanserif.es\/en\/wp-json\/wp\/v2\/posts\/7628\/revisions"}],"wp:featuredmedia":[{"embeddable":true,"href":"https:\/\/www.sanserif.es\/en\/wp-json\/wp\/v2\/media\/7429"}],"wp:attachment":[{"href":"https:\/\/www.sanserif.es\/en\/wp-json\/wp\/v2\/media?parent=7628"}],"wp:term":[{"taxonomy":"category","embeddable":true,"href":"https:\/\/www.sanserif.es\/en\/wp-json\/wp\/v2\/categories?post=7628"},{"taxonomy":"post_tag","embeddable":true,"href":"https:\/\/www.sanserif.es\/en\/wp-json\/wp\/v2\/tags?post=7628"}],"curies":[{"name":"wp","href":"https:\/\/api.w.org\/{rel}","templated":true}]}}