{"id":7604,"date":"2016-12-15T10:04:18","date_gmt":"2016-12-15T10:04:18","guid":{"rendered":"http:\/\/www.sanserif.es\/?p=7604\/"},"modified":"2017-05-18T18:08:32","modified_gmt":"2017-05-18T18:08:32","slug":"con-la-navidad-llega-el-nuevo-numero-de-sibarita-news","status":"publish","type":"post","link":"https:\/\/www.sanserif.es\/en\/con-la-navidad-llega-el-nuevo-numero-de-sibarita-news\/","title":{"rendered":"Con la Navidad, llega el nuevo n\u00famero de Sibarita News"},"content":{"rendered":"<p style=\"text-align: justify;\">La <a href=\"https:\/\/sibaritanews.files.wordpress.com\/2014\/11\/sibaritan15-val-casmailok.pdf\">cuarta entrega del a\u00f1o<\/a> de <a href=\"https:\/\/sibaritanews.wordpress.com\">Sibarita New<\/a>s se presentar\u00e1 este viernes en la entrega de los galardones de los Premios Artesan\u00eda Comunitat Valenciana. Un n\u00famero en el que se repasan los perfiles de todos los finalistas de esta tercera edici\u00f3n, cuyos vencedores conoceremos en menos de 48 horas.<\/p>\n<p style=\"text-align: justify;\"><a href=\"https:\/\/sibaritanews.files.wordpress.com\/2014\/11\/sibaritan15-val-casmailok.pdf\"><img loading=\"lazy\" class=\"alignnone size-full wp-image-7218\" src=\"http:\/\/www.sanserif.es\/wp-content\/uploads\/2016\/12\/n15-sibaritanews-trinaranjus-1.jpg\" alt=\"n15-sibaritanews-trinaranjus-1\" width=\"460\" height=\"307\" srcset=\"https:\/\/www.sanserif.es\/wp-content\/uploads\/2016\/12\/n15-sibaritanews-trinaranjus-1.jpg 595w, https:\/\/www.sanserif.es\/wp-content\/uploads\/2016\/12\/n15-sibaritanews-trinaranjus-1-300x200.jpg 300w\" sizes=\"(max-width: 460px) 100vw, 460px\" \/><\/a><\/p>\n<p style=\"text-align: justify;\">Adem\u00e1s, la historia de Trinaranjus, el refresco de naranja nacido en Valencia; una entrevista en profundidad con In\u00e9s Piqueras -La Arponera-, joyera, orfebre y artesana inclasificable con taller a los pies de la Villa de Requena; y un ampl\u00edo recorrido por los mercados y ferias artesanas que se convierten en los aut\u00e9nticos puntos neur\u00e1lgicos de\u00a0la Navidad en nuestras ciudades.<\/p>\n<p style=\"text-align: justify;\">Se puede descargar el n\u00famero 15 de la revista en <a href=\"https:\/\/sibaritanews.files.wordpress.com\/2014\/11\/sibaritan15-val-casmailok.pdf\">este enlace<\/a>. Y, por supuesto, se pude acceder al resto de los n\u00fameros editados de Sibarita News en <a href=\"https:\/\/sibaritanews.wordpress.com\/nos-anteriores\/\">este enlace<\/a>.<\/p>\n","protected":false},"excerpt":{"rendered":"<p>La cuarta entrega del a\u00f1o de Sibarita News se presentar\u00e1 este viernes en la entrega de los galardones de los Premios Artesan\u00eda Comunitat Valenciana. Un n\u00famero en el que se repasan los perfiles de todos los finalistas de esta tercera edici\u00f3n, cuyos vencedores conoceremos en&#8230;<\/p>\n","protected":false},"author":1,"featured_media":7408,"comment_status":"open","ping_status":"open","sticky":false,"template":"","format":"standard","meta":[],"categories":[2051],"tags":[2098,2121,2101],"_links":{"self":[{"href":"https:\/\/www.sanserif.es\/en\/wp-json\/wp\/v2\/posts\/7604"}],"collection":[{"href":"https:\/\/www.sanserif.es\/en\/wp-json\/wp\/v2\/posts"}],"about":[{"href":"https:\/\/www.sanserif.es\/en\/wp-json\/wp\/v2\/types\/post"}],"author":[{"embeddable":true,"href":"https:\/\/www.sanserif.es\/en\/wp-json\/wp\/v2\/users\/1"}],"replies":[{"embeddable":true,"href":"https:\/\/www.sanserif.es\/en\/wp-json\/wp\/v2\/comments?post=7604"}],"version-history":[{"count":1,"href":"https:\/\/www.sanserif.es\/en\/wp-json\/wp\/v2\/posts\/7604\/revisions"}],"predecessor-version":[{"id":7657,"href":"https:\/\/www.sanserif.es\/en\/wp-json\/wp\/v2\/posts\/7604\/revisions\/7657"}],"wp:featuredmedia":[{"embeddable":true,"href":"https:\/\/www.sanserif.es\/en\/wp-json\/wp\/v2\/media\/7408"}],"wp:attachment":[{"href":"https:\/\/www.sanserif.es\/en\/wp-json\/wp\/v2\/media?parent=7604"}],"wp:term":[{"taxonomy":"category","embeddable":true,"href":"https:\/\/www.sanserif.es\/en\/wp-json\/wp\/v2\/categories?post=7604"},{"taxonomy":"post_tag","embeddable":true,"href":"https:\/\/www.sanserif.es\/en\/wp-json\/wp\/v2\/tags?post=7604"}],"curies":[{"name":"wp","href":"https:\/\/api.w.org\/{rel}","templated":true}]}}