{"id":7602,"date":"2016-12-20T09:12:43","date_gmt":"2016-12-20T09:12:43","guid":{"rendered":"http:\/\/www.sanserif.es\/el-autonomo-digital-diseno-espanol-en-alemania\/"},"modified":"2017-02-03T10:01:44","modified_gmt":"2017-02-03T10:01:44","slug":"el-autonomo-digital-diseno-espanol-en-alemania","status":"publish","type":"post","link":"https:\/\/www.sanserif.es\/en\/el-autonomo-digital-diseno-espanol-en-alemania\/","title":{"rendered":"El aut\u00f3nomo digital: Dise\u00f1o espa\u00f1ol en Alemania"},"content":{"rendered":"<p><span style=\"color: #3366ff;\">El Aut\u00f3nomo Digital \u00b7 7\/12\/2016<\/span><\/p>\n<p><span style=\"color: #808080;\"><strong>Extracto:<\/strong><em> (\u00b7\u00b7\u00b7)\u00a0Los dise\u00f1adores valencianos <a style=\"color: #808080;\" href=\"http:\/\/www.sanserif.es\/\"><strong>Sanserif Creatius<\/strong><\/a> han sido seleccionados para el \u00e1rea de talentos (<strong>Talents<\/strong>) de la pr\u00f3xima edici\u00f3n de la <strong>Feria Ambiente de Frankfurt<\/strong> (Alemania), un panel de promesas internacionales del dise\u00f1o que se celebra anualmente en el principal encuentro internacional de bienes de consumo de Europa. Los abanicos artesanales troquelados con mensajes, piezas cer\u00e1micas cl\u00e1sicas reinventadas y los asientos plegables sostenibles ser\u00e1n algunas de las propuestas que compartir\u00e1n espacio con las \u00faltimas tendencias en innovaci\u00f3n y creatividad del mundo (\u00b7\u00b7\u00b7\u00b7)<\/em><\/span> M\u00e1s info en\u00a0<a href=\"http:\/\/www.elautonomodigital.es\/feria-ambiente-de-frankfurt\/#comment-5\">El Aut\u00f3nomo Digital<\/a><\/p>\n","protected":false},"excerpt":{"rendered":"<p>El Aut\u00f3nomo Digital \u00b7 7\/12\/2016 Extracto: (\u00b7\u00b7\u00b7)\u00a0Los dise\u00f1adores valencianos Sanserif Creatius han sido seleccionados para el \u00e1rea de talentos (Talents) de la pr\u00f3xima edici\u00f3n de la Feria Ambiente de Frankfurt (Alemania), un panel de promesas internacionales del dise\u00f1o que se celebra anualmente en el principal&#8230;<\/p>\n","protected":false},"author":2,"featured_media":7405,"comment_status":"open","ping_status":"open","sticky":false,"template":"","format":"standard","meta":[],"categories":[2088],"tags":[2090,2091,2068,2069,2092],"_links":{"self":[{"href":"https:\/\/www.sanserif.es\/en\/wp-json\/wp\/v2\/posts\/7602"}],"collection":[{"href":"https:\/\/www.sanserif.es\/en\/wp-json\/wp\/v2\/posts"}],"about":[{"href":"https:\/\/www.sanserif.es\/en\/wp-json\/wp\/v2\/types\/post"}],"author":[{"embeddable":true,"href":"https:\/\/www.sanserif.es\/en\/wp-json\/wp\/v2\/users\/2"}],"replies":[{"embeddable":true,"href":"https:\/\/www.sanserif.es\/en\/wp-json\/wp\/v2\/comments?post=7602"}],"version-history":[{"count":0,"href":"https:\/\/www.sanserif.es\/en\/wp-json\/wp\/v2\/posts\/7602\/revisions"}],"wp:featuredmedia":[{"embeddable":true,"href":"https:\/\/www.sanserif.es\/en\/wp-json\/wp\/v2\/media\/7405"}],"wp:attachment":[{"href":"https:\/\/www.sanserif.es\/en\/wp-json\/wp\/v2\/media?parent=7602"}],"wp:term":[{"taxonomy":"category","embeddable":true,"href":"https:\/\/www.sanserif.es\/en\/wp-json\/wp\/v2\/categories?post=7602"},{"taxonomy":"post_tag","embeddable":true,"href":"https:\/\/www.sanserif.es\/en\/wp-json\/wp\/v2\/tags?post=7602"}],"curies":[{"name":"wp","href":"https:\/\/api.w.org\/{rel}","templated":true}]}}