{"id":7596,"date":"2016-12-22T11:01:43","date_gmt":"2016-12-22T11:01:43","guid":{"rendered":"http:\/\/www.sanserif.es\/2016\/12\/22\/proteger-lo-que-mas-nos-importa-nuevo-corporativo-para-cartonajes-la-plana\/"},"modified":"2017-02-02T22:06:04","modified_gmt":"2017-02-02T22:06:04","slug":"proteger-lo-que-mas-nos-importa-nuevo-corporativo-para-cartonajes-la-plana","status":"publish","type":"post","link":"https:\/\/www.sanserif.es\/en\/proteger-lo-que-mas-nos-importa-nuevo-corporativo-para-cartonajes-la-plana\/","title":{"rendered":"Proteger lo que m\u00e1s nos importa, nuevo corporativo para Cartonajes La Plana"},"content":{"rendered":"<p>[vc_row css_animation=&#8221;&#8221; row_type=&#8221;row&#8221; use_row_as_full_screen_section=&#8221;no&#8221; type=&#8221;full_width&#8221; angled_section=&#8221;no&#8221; text_align=&#8221;left&#8221; background_image_as_pattern=&#8221;without_pattern&#8221;][vc_column][vc_column_text]<\/p>\n<p style=\"text-align: justify;\">Son el principal proveedor del sector de la Alimentaci\u00f3n y una empresa modelo en Espa\u00f1a. Por eso, para nosotros en <a href=\"http:\/\/www.sanserif.es\">Sanserif\u00a0Creatius<\/a> es\u00a0un placer seguir trabajando con ellos en cada nuevo paso que dan. En esta ocasi\u00f3n, ten\u00edamos que plasmar su filosof\u00eda en im\u00e1genes. Y que mejor que mostrar lo que realmente les preocupa; ofrecer una respuesta espec\u00edfica a cada producto, pensando en las personas y hacer r\u00e1pida y eficazmente lo que mejor saben; proteger aquello que m\u00e1s nos importa.<\/p>\n<p>[\/vc_column_text][vc_video link=&#8221;https:\/\/youtu.be\/GPiTJzgPgZM&#8221; css=&#8221;.vc_custom_1485211356139{margin-top: 20px !important;margin-bottom: 20px !important;}&#8221;][vc_column_text]<\/p>\n<p style=\"text-align: justify;\">Cuatro jornadas de intenso rodaje con <a href=\"http:\/\/www.indexvideo.es\/\">Index<\/a>, muchas horas de metraje y, sobre todo,\u00a0la colaboraci\u00f3n de todos y cada uno de los miembros de esta familia -cada d\u00eda m\u00e1s numerosa- que es <a href=\"http:\/\/www.laplana.com\">Cartonajes La Plana<\/a>. El resultado; Una nueva forma de entender el packaging y la relaci\u00f3n con el cliente.<\/p>\n<p>[\/vc_column_text][\/vc_column][\/vc_row]<\/p>\n","protected":false},"excerpt":{"rendered":"<p>Son el principal proveedor del sector de la Alimentaci\u00f3n y una empresa modelo en Espa\u00f1a. Por eso, para nosotros en Sanserif Creatius es un placer seguir trabajando con ellos en cada nuevo paso que dan. En esta ocasi\u00f3n, ten\u00edamos que plasmar su filosof\u00eda en im\u00e1genes.<\/p>\n","protected":false},"author":2,"featured_media":7446,"comment_status":"open","ping_status":"open","sticky":false,"template":"","format":"standard","meta":[],"categories":[2079,2080,2051],"tags":[2081,2082,2083,2084,2085,2068,2069,2086],"_links":{"self":[{"href":"https:\/\/www.sanserif.es\/en\/wp-json\/wp\/v2\/posts\/7596"}],"collection":[{"href":"https:\/\/www.sanserif.es\/en\/wp-json\/wp\/v2\/posts"}],"about":[{"href":"https:\/\/www.sanserif.es\/en\/wp-json\/wp\/v2\/types\/post"}],"author":[{"embeddable":true,"href":"https:\/\/www.sanserif.es\/en\/wp-json\/wp\/v2\/users\/2"}],"replies":[{"embeddable":true,"href":"https:\/\/www.sanserif.es\/en\/wp-json\/wp\/v2\/comments?post=7596"}],"version-history":[{"count":0,"href":"https:\/\/www.sanserif.es\/en\/wp-json\/wp\/v2\/posts\/7596\/revisions"}],"wp:featuredmedia":[{"embeddable":true,"href":"https:\/\/www.sanserif.es\/en\/wp-json\/wp\/v2\/media\/7446"}],"wp:attachment":[{"href":"https:\/\/www.sanserif.es\/en\/wp-json\/wp\/v2\/media?parent=7596"}],"wp:term":[{"taxonomy":"category","embeddable":true,"href":"https:\/\/www.sanserif.es\/en\/wp-json\/wp\/v2\/categories?post=7596"},{"taxonomy":"post_tag","embeddable":true,"href":"https:\/\/www.sanserif.es\/en\/wp-json\/wp\/v2\/tags?post=7596"}],"curies":[{"name":"wp","href":"https:\/\/api.w.org\/{rel}","templated":true}]}}