{"id":7593,"date":"2016-12-24T10:50:45","date_gmt":"2016-12-24T10:50:45","guid":{"rendered":"http:\/\/www.sanserif.es\/2016\/12\/24\/llega-la-navidad-y-desde-sanserif-es-queremos-felicitarte\/"},"modified":"2017-02-08T08:45:24","modified_gmt":"2017-02-08T08:45:24","slug":"llega-la-navidad-y-desde-sanserif-es-queremos-felicitarte","status":"publish","type":"post","link":"https:\/\/www.sanserif.es\/en\/llega-la-navidad-y-desde-sanserif-es-queremos-felicitarte\/","title":{"rendered":"Llega la Navidad&#8230; y desde Sanserif.es queremos felicitarte!!!"},"content":{"rendered":"<p>[vc_row css_animation=&#8221;&#8221; row_type=&#8221;row&#8221; use_row_as_full_screen_section=&#8221;no&#8221; type=&#8221;full_width&#8221; angled_section=&#8221;no&#8221; text_align=&#8221;left&#8221; background_image_as_pattern=&#8221;without_pattern&#8221;][vc_column][vc_column_text]<\/p>\n<p style=\"text-align: justify;\">Por aqu\u00ed no nieva, m\u00e1s bien tenemos sol hasta en diciembre&#8230; as\u00ed que desde nuestra ventana, la blanca navidad s\u00f3lo se puede descubrir cerrando los ojos y dej\u00e1ndose seducir por la voz&#8230; Feliz Navidad a todos de parte del equipo de <a href=\"http:\/\/www.sanserif.es\">Sanserif.es<\/a><\/p>\n<p>[\/vc_column_text][vc_video link=&#8221;https:\/\/youtu.be\/yNKQtFIv4ZM&#8221; css=&#8221;.vc_custom_1485211105447{margin-top: 20px !important;margin-bottom: 20px !important;}&#8221;][vc_column_text]Ah!, Y recuerda&#8230; si ves un mu\u00e9rdago&#8230;[\/vc_column_text][\/vc_column][\/vc_row]<\/p>\n","protected":false},"excerpt":{"rendered":"<p>Por aqu\u00ed no nieva, m\u00e1s bien tenemos sol hasta en diciembre&#8230; as\u00ed que desde nuestra ventana, la blanca navidad s\u00f3lo se puede descubrir cerrando los ojos y dej\u00e1ndose seducir por la voz&#8230;<\/p>\n","protected":false},"author":2,"featured_media":7445,"comment_status":"open","ping_status":"open","sticky":false,"template":"","format":"standard","meta":[],"categories":[2073,2051],"tags":[2074,2075,2076,2077,2078,2068,2069],"_links":{"self":[{"href":"https:\/\/www.sanserif.es\/en\/wp-json\/wp\/v2\/posts\/7593"}],"collection":[{"href":"https:\/\/www.sanserif.es\/en\/wp-json\/wp\/v2\/posts"}],"about":[{"href":"https:\/\/www.sanserif.es\/en\/wp-json\/wp\/v2\/types\/post"}],"author":[{"embeddable":true,"href":"https:\/\/www.sanserif.es\/en\/wp-json\/wp\/v2\/users\/2"}],"replies":[{"embeddable":true,"href":"https:\/\/www.sanserif.es\/en\/wp-json\/wp\/v2\/comments?post=7593"}],"version-history":[{"count":1,"href":"https:\/\/www.sanserif.es\/en\/wp-json\/wp\/v2\/posts\/7593\/revisions"}],"predecessor-version":[{"id":7655,"href":"https:\/\/www.sanserif.es\/en\/wp-json\/wp\/v2\/posts\/7593\/revisions\/7655"}],"wp:featuredmedia":[{"embeddable":true,"href":"https:\/\/www.sanserif.es\/en\/wp-json\/wp\/v2\/media\/7445"}],"wp:attachment":[{"href":"https:\/\/www.sanserif.es\/en\/wp-json\/wp\/v2\/media?parent=7593"}],"wp:term":[{"taxonomy":"category","embeddable":true,"href":"https:\/\/www.sanserif.es\/en\/wp-json\/wp\/v2\/categories?post=7593"},{"taxonomy":"post_tag","embeddable":true,"href":"https:\/\/www.sanserif.es\/en\/wp-json\/wp\/v2\/tags?post=7593"}],"curies":[{"name":"wp","href":"https:\/\/api.w.org\/{rel}","templated":true}]}}