{"id":7590,"date":"2016-12-28T09:11:16","date_gmt":"2016-12-28T09:11:16","guid":{"rendered":"http:\/\/www.sanserif.es\/2016\/12\/28\/nueva-imagen-para-paco-orts\/"},"modified":"2017-02-02T21:46:20","modified_gmt":"2017-02-02T21:46:20","slug":"nueva-imagen-para-paco-orts","status":"publish","type":"post","link":"https:\/\/www.sanserif.es\/en\/nueva-imagen-para-paco-orts\/","title":{"rendered":"Nueva imagen para Paco Orts"},"content":{"rendered":"<p>[vc_row css_animation=&#8221;&#8221; row_type=&#8221;row&#8221; use_row_as_full_screen_section=&#8221;no&#8221; type=&#8221;full_width&#8221; angled_section=&#8221;no&#8221; text_align=&#8221;left&#8221; background_image_as_pattern=&#8221;without_pattern&#8221;][vc_column][vc_video link=&#8221;https:\/\/youtu.be\/Bo4nrrllw_4&#8243; css=&#8221;.vc_custom_1485210875992{margin-bottom: 40px !important;}&#8221;][vc_column_text]<\/p>\n<p style=\"text-align: justify;\">Un profesional necesita que su imagen vaya acorde con su trabajo. Sobre esta premisa se construy\u00f3 la identidad de Paco Orts Arquit\u00e9cnico, empresa especializada en reformas y rehabilitaci\u00f3n de locales comerciales y residencias particulares. Confiar la remodelaci\u00f3n de nuestro hogar o lugar de trabajo es una decisi\u00f3n importante, al igual que la configuraci\u00f3n de la imagen de una empresa. Gracias por confiar en Sanserif.es<\/p>\n<p>\u00a0[\/vc_column_text][\/vc_column][\/vc_row]<\/p>\n","protected":false},"excerpt":{"rendered":"<p>Un profesional necesita que su imagen vaya acorde con su trabajo. Sobre esta premisa se construy\u00f3 la identidad de Paco Orts Arquit\u00e9cnico, empresa especializada en reformas y rehabilitaci\u00f3n de locales comerciales y residencias particulares.<\/p>\n","protected":false},"author":2,"featured_media":7444,"comment_status":"open","ping_status":"open","sticky":false,"template":"","format":"standard","meta":[],"categories":[2051],"tags":[2071,2065,2066,2072,2067,2068,2069],"_links":{"self":[{"href":"https:\/\/www.sanserif.es\/en\/wp-json\/wp\/v2\/posts\/7590"}],"collection":[{"href":"https:\/\/www.sanserif.es\/en\/wp-json\/wp\/v2\/posts"}],"about":[{"href":"https:\/\/www.sanserif.es\/en\/wp-json\/wp\/v2\/types\/post"}],"author":[{"embeddable":true,"href":"https:\/\/www.sanserif.es\/en\/wp-json\/wp\/v2\/users\/2"}],"replies":[{"embeddable":true,"href":"https:\/\/www.sanserif.es\/en\/wp-json\/wp\/v2\/comments?post=7590"}],"version-history":[{"count":0,"href":"https:\/\/www.sanserif.es\/en\/wp-json\/wp\/v2\/posts\/7590\/revisions"}],"wp:featuredmedia":[{"embeddable":true,"href":"https:\/\/www.sanserif.es\/en\/wp-json\/wp\/v2\/media\/7444"}],"wp:attachment":[{"href":"https:\/\/www.sanserif.es\/en\/wp-json\/wp\/v2\/media?parent=7590"}],"wp:term":[{"taxonomy":"category","embeddable":true,"href":"https:\/\/www.sanserif.es\/en\/wp-json\/wp\/v2\/categories?post=7590"},{"taxonomy":"post_tag","embeddable":true,"href":"https:\/\/www.sanserif.es\/en\/wp-json\/wp\/v2\/tags?post=7590"}],"curies":[{"name":"wp","href":"https:\/\/api.w.org\/{rel}","templated":true}]}}