{"id":7572,"date":"2017-01-27T12:51:25","date_gmt":"2017-01-27T12:51:25","guid":{"rendered":"http:\/\/www.sanserif.es\/?p=7572\/"},"modified":"2017-05-18T18:06:44","modified_gmt":"2017-05-18T18:06:44","slug":"nos-vemos-en-ambiente-frankfurt-2017","status":"publish","type":"post","link":"https:\/\/www.sanserif.es\/en\/nos-vemos-en-ambiente-frankfurt-2017\/","title":{"rendered":"Nos vemos en Ambiente Frankfurt 2017"},"content":{"rendered":"<p>Talents Fashion Accessories <strong>(Hall 9 Level 2 E02E)<\/strong>,<\/p>\n<p>A Sanserif.es nos han seleccionado para el \u00e1rea de talentos (Talents) de la pr\u00f3xima edici\u00f3n de la Feria Ambiente Frankfurt (Alemania), un panel de promesas internacionales del dise\u00f1o que se celebra anualmente en el principal encuentro internacional de bienes de consumo de Europa. Los abanicos artesanales troquelados con mensajes, piezas cer\u00e1micas cl\u00e1sicas reinventadas y los asientos plegables sostenibles ser\u00e1n algunas de las propuestas que compartir\u00e1n espacio con las \u00faltimas tendencias en innovaci\u00f3n y creatividad del mundo.<\/p>\n<p>Puedes encontrarnos en el espacio Talents Fashion Accessories <strong>(Hall 9 Level 2 E02E)<\/strong>,del recinto de Messe Frankfurt, desde el 10 al 14 de febrero de 2017, con un stand propio, en una de las principales zonas de paso del certamen. Te sorprenderemos.<\/p>\n","protected":false},"excerpt":{"rendered":"<p>Talents Fashion Accessories (Hall 9 Level 2 E02E), A Sanserif.es nos han seleccionado para el \u00e1rea de talentos (Talents) de la pr\u00f3xima edici\u00f3n de la Feria Ambiente Frankfurt (Alemania), un panel de promesas internacionales del dise\u00f1o que se celebra anualmente en el principal encuentro internacional&#8230;<\/p>\n","protected":false},"author":1,"featured_media":7585,"comment_status":"open","ping_status":"open","sticky":false,"template":"","format":"standard","meta":[],"categories":[2051],"tags":[1608,2117],"_links":{"self":[{"href":"https:\/\/www.sanserif.es\/en\/wp-json\/wp\/v2\/posts\/7572"}],"collection":[{"href":"https:\/\/www.sanserif.es\/en\/wp-json\/wp\/v2\/posts"}],"about":[{"href":"https:\/\/www.sanserif.es\/en\/wp-json\/wp\/v2\/types\/post"}],"author":[{"embeddable":true,"href":"https:\/\/www.sanserif.es\/en\/wp-json\/wp\/v2\/users\/1"}],"replies":[{"embeddable":true,"href":"https:\/\/www.sanserif.es\/en\/wp-json\/wp\/v2\/comments?post=7572"}],"version-history":[{"count":1,"href":"https:\/\/www.sanserif.es\/en\/wp-json\/wp\/v2\/posts\/7572\/revisions"}],"predecessor-version":[{"id":7725,"href":"https:\/\/www.sanserif.es\/en\/wp-json\/wp\/v2\/posts\/7572\/revisions\/7725"}],"wp:featuredmedia":[{"embeddable":true,"href":"https:\/\/www.sanserif.es\/en\/wp-json\/wp\/v2\/media\/7585"}],"wp:attachment":[{"href":"https:\/\/www.sanserif.es\/en\/wp-json\/wp\/v2\/media?parent=7572"}],"wp:term":[{"taxonomy":"category","embeddable":true,"href":"https:\/\/www.sanserif.es\/en\/wp-json\/wp\/v2\/categories?post=7572"},{"taxonomy":"post_tag","embeddable":true,"href":"https:\/\/www.sanserif.es\/en\/wp-json\/wp\/v2\/tags?post=7572"}],"curies":[{"name":"wp","href":"https:\/\/api.w.org\/{rel}","templated":true}]}}