{"id":7570,"date":"2017-02-10T09:10:04","date_gmt":"2017-02-10T09:10:04","guid":{"rendered":"http:\/\/www.sanserif.es\/?p=7570\/"},"modified":"2017-05-18T18:06:17","modified_gmt":"2017-05-18T18:06:17","slug":"el-nuevo-lenguaje-de-los-abanicos","status":"publish","type":"post","link":"https:\/\/www.sanserif.es\/en\/el-nuevo-lenguaje-de-los-abanicos\/","title":{"rendered":"El nuevo lenguaje de los abanicos"},"content":{"rendered":"<p>Abanicos troquelados, taburetes plegables palillos orientales de vidrio y fundas artesanales para dispositivos electr\u00f3nicos son los ejes que centrar\u00e1n la presencia de Sanserif.es en Ambiente Frankfurt<\/p>\n<p>Los dise\u00f1adores valencianos Sanserif Creatius han sido seleccionados para el \u00e1rea de talentos (Talents) de la pr\u00f3xima edici\u00f3n de la Feria Ambiente Frankfurt. Ana Yago y Jos\u00e9 Antonio Gim\u00e9nez estar\u00e1n presentes en el Talents Fashion Accessories <strong>(Hall 9 Level 2 E02E)<\/strong>, desde el 10 al 14 de febrero de 2017, con un stand propio.<\/p>\n<p>Entre las piezas m\u00e1s innovadoras que presentara Sanserif Creatius, destaca la colecci\u00f3n Palmito Sense &amp; Palmito City, un proyecto que recupera el lenguaje tradicional del palmito -abanico- valenciano como complemento unisex. Una l\u00ednea de abanicos que incorpora expresiones coloquiales, onomatopeyas y palabras con doble intenci\u00f3n que incitan a la comunicaci\u00f3n visual y ayudan a romper el hielo en el primer contacto entre los j\u00f3venes. Dise\u00f1o: Sanserif.es \u00b7 Produce: Di-Abani<\/p>\n","protected":false},"excerpt":{"rendered":"<p>Abanicos troquelados, taburetes plegables palillos orientales de vidrio y fundas artesanales para dispositivos electr\u00f3nicos son los ejes que centrar\u00e1n la presencia de Sanserif.es en Ambiente Frankfurt Los dise\u00f1adores valencianos Sanserif Creatius han sido seleccionados para el \u00e1rea de talentos (Talents) de la pr\u00f3xima edici\u00f3n de&#8230;<\/p>\n","protected":false},"author":1,"featured_media":7473,"comment_status":"open","ping_status":"open","sticky":false,"template":"","format":"standard","meta":[],"categories":[2051],"tags":[2112,1608,3214,2975,25,2117],"_links":{"self":[{"href":"https:\/\/www.sanserif.es\/en\/wp-json\/wp\/v2\/posts\/7570"}],"collection":[{"href":"https:\/\/www.sanserif.es\/en\/wp-json\/wp\/v2\/posts"}],"about":[{"href":"https:\/\/www.sanserif.es\/en\/wp-json\/wp\/v2\/types\/post"}],"author":[{"embeddable":true,"href":"https:\/\/www.sanserif.es\/en\/wp-json\/wp\/v2\/users\/1"}],"replies":[{"embeddable":true,"href":"https:\/\/www.sanserif.es\/en\/wp-json\/wp\/v2\/comments?post=7570"}],"version-history":[{"count":1,"href":"https:\/\/www.sanserif.es\/en\/wp-json\/wp\/v2\/posts\/7570\/revisions"}],"predecessor-version":[{"id":7724,"href":"https:\/\/www.sanserif.es\/en\/wp-json\/wp\/v2\/posts\/7570\/revisions\/7724"}],"wp:featuredmedia":[{"embeddable":true,"href":"https:\/\/www.sanserif.es\/en\/wp-json\/wp\/v2\/media\/7473"}],"wp:attachment":[{"href":"https:\/\/www.sanserif.es\/en\/wp-json\/wp\/v2\/media?parent=7570"}],"wp:term":[{"taxonomy":"category","embeddable":true,"href":"https:\/\/www.sanserif.es\/en\/wp-json\/wp\/v2\/categories?post=7570"},{"taxonomy":"post_tag","embeddable":true,"href":"https:\/\/www.sanserif.es\/en\/wp-json\/wp\/v2\/tags?post=7570"}],"curies":[{"name":"wp","href":"https:\/\/api.w.org\/{rel}","templated":true}]}}