{"id":7568,"date":"2017-02-11T09:02:19","date_gmt":"2017-02-11T09:02:19","guid":{"rendered":"http:\/\/www.sanserif.es\/?p=7568\/"},"modified":"2017-05-18T18:05:35","modified_gmt":"2017-05-18T18:05:35","slug":"un-asiento-pensado-para-visitas-inesperadas","status":"publish","type":"post","link":"https:\/\/www.sanserif.es\/en\/un-asiento-pensado-para-visitas-inesperadas\/","title":{"rendered":"Un asiento pensado para visitas inesperadas"},"content":{"rendered":"<p>Un taburete plegable, econ\u00f3mico y ecol\u00f3gico que pesa menos de 300 gramos y puede soportar el peso de un bisonte o un oso polar.<\/p>\n<p>Los dise\u00f1adores valencianos Sanserif Creatius presentar\u00e1n en Ambiente Frankfurt <strong>(Hall 9 Level 2 E02E)<\/strong>, una reedici\u00f3n de su taburete \u2018Oportuno\u2019, un asiento de cart\u00f3n ondulado reciclado pensado para las visitas inesperadas, con una gran resistencia y una estructura plegable.<\/p>\n<p>Plegable, econ\u00f3mico, ligero y ecol\u00f3gico. Estas son las principales virtudes de \u2018Oportuno\u2019, un taburete que est\u00e1 ah\u00ed cuando lo necesitas y que puede desaparecer r\u00e1pidamente cuando no hace falta, seg\u00fan ha explicado el responsable de desarrollo de Sanserif.es, Jos\u00e9 Antonio Gim\u00e9nez. Este asiento forma parte de las colecciones de mobiliario sostenible en cart\u00f3n ondulado concebidas por Sanserif.es en los \u00faltimos 15 a\u00f1os, y que est\u00e1n presentes en espacios de todo el mundo desde el Maranat Al Saadiyat Centre, en Abu Dhabi (EAU), a plat\u00f3s de televisi\u00f3n de programas como Gran Hermano u Ocupa\u2019t (Espa\u00f1a).<\/p>\n<p>Se trata de un taburete plegable, realizado en cart\u00f3n ondulado de alta calidad, y con gran resistencia en las pruebas de compresi\u00f3n -m\u00e1s de 500 kg-, lo que significa que no hay que tener miedo a sentarse en \u00e9l, ya que podr\u00eda soportar f\u00e1cilmente el peso de un bisonte o un oso polar, seg\u00fan ha se\u00f1alado Jos\u00e9 Antonio Gim\u00e9nez. \u2018Oportuno\u2019 es un asiento concebido para los nuevos espacios de vida y trabajo contempor\u00e1neos, en los que el espacio requiere funcionalidad y versatilidad. De ah\u00ed que, Oportuno pueda disponerse como taburete, mesita supletoria o un m\u00f3dulo decorativo capaz de actuar como peana o separador de espacios, cuando se disponen varias unidades juntas.<\/p>\n","protected":false},"excerpt":{"rendered":"<p>Un taburete plegable, econ\u00f3mico y ecol\u00f3gico que pesa menos de 300 gramos y puede soportar el peso de un bisonte o un oso polar. Los dise\u00f1adores valencianos Sanserif Creatius presentar\u00e1n en Ambiente Frankfurt (Hall 9 Level 2 E02E), una reedici\u00f3n de su taburete \u2018Oportuno\u2019, un&#8230;<\/p>\n","protected":false},"author":1,"featured_media":7474,"comment_status":"open","ping_status":"open","sticky":false,"template":"","format":"standard","meta":[],"categories":[2088,2051],"tags":[1608,2118,1360,3311,2117],"_links":{"self":[{"href":"https:\/\/www.sanserif.es\/en\/wp-json\/wp\/v2\/posts\/7568"}],"collection":[{"href":"https:\/\/www.sanserif.es\/en\/wp-json\/wp\/v2\/posts"}],"about":[{"href":"https:\/\/www.sanserif.es\/en\/wp-json\/wp\/v2\/types\/post"}],"author":[{"embeddable":true,"href":"https:\/\/www.sanserif.es\/en\/wp-json\/wp\/v2\/users\/1"}],"replies":[{"embeddable":true,"href":"https:\/\/www.sanserif.es\/en\/wp-json\/wp\/v2\/comments?post=7568"}],"version-history":[{"count":1,"href":"https:\/\/www.sanserif.es\/en\/wp-json\/wp\/v2\/posts\/7568\/revisions"}],"predecessor-version":[{"id":7723,"href":"https:\/\/www.sanserif.es\/en\/wp-json\/wp\/v2\/posts\/7568\/revisions\/7723"}],"wp:featuredmedia":[{"embeddable":true,"href":"https:\/\/www.sanserif.es\/en\/wp-json\/wp\/v2\/media\/7474"}],"wp:attachment":[{"href":"https:\/\/www.sanserif.es\/en\/wp-json\/wp\/v2\/media?parent=7568"}],"wp:term":[{"taxonomy":"category","embeddable":true,"href":"https:\/\/www.sanserif.es\/en\/wp-json\/wp\/v2\/categories?post=7568"},{"taxonomy":"post_tag","embeddable":true,"href":"https:\/\/www.sanserif.es\/en\/wp-json\/wp\/v2\/tags?post=7568"}],"curies":[{"name":"wp","href":"https:\/\/api.w.org\/{rel}","templated":true}]}}