{"id":7560,"date":"2017-02-14T09:06:12","date_gmt":"2017-02-14T09:06:12","guid":{"rendered":"http:\/\/www.sanserif.es\/?p=7560\/"},"modified":"2017-05-18T18:03:57","modified_gmt":"2017-05-18T18:03:57","slug":"el-abanico-tambien-es-cosa-de-hombres","status":"publish","type":"post","link":"https:\/\/www.sanserif.es\/en\/el-abanico-tambien-es-cosa-de-hombres\/","title":{"rendered":"El abanico tambi\u00e9n es cosa de hombres"},"content":{"rendered":"<p>\u2018Gentleman\u2019 es una nueva colecci\u00f3n de abanicos orientados al sector dise\u00f1ada por Sanserif Creatius, y producida por el maestro artesano Antonio Soldevila (Di-Abani), que pretende recuperar este complemento de moda para el hombre del siglo XXI. Esta innovadora propuesta, que se inspira en la est\u00e9tica punk, el tart\u00e1n escoc\u00e9s y las telas camiseras tradicionales como el popel\u00edn y el Pr\u00edncipe de Gales, podr\u00e1 verse en el stand de Sanserif Creatius en Talents Fashion Accessories <strong>(Hall 9 Level 2 E02E)<\/strong> en Ambiente Frankfurt.<\/p>\n<p>El objetivo de esta colecci\u00f3n es revitalizar un complemento que tuvo gran presencia en la moda masculina de los siglos XVII y XVIII y que, actualmente, se ha relegado un uso decorativo, si bien, aporta un valor a\u00f1adido a quienes siguen utiliz\u00e1ndolo, m\u00e1s all\u00e1 de su funcionalidad. Es uno de esos elementos que, como el pa\u00f1uelo o la pajarita, solo requieren de la actitud correcta para reforzar el atractivo masculino y marcar la diferencia, seg\u00fan ha explicado la dise\u00f1adora de la colecci\u00f3n y directora creativa de Sanserif.es, Ana Yago.<\/p>\n<p>Los hechos demuestran que es dif\u00edcil negar que el calor es uno de los mayores enemigos de la elegancia. Y para ello, surgi\u00f3 el abanico como respuesta, seg\u00fan Ana Yago, un complemento que nos ayuda a\u00a0 decir qui\u00e9n y c\u00f3mo somos. De hecho, hist\u00f3ricamente los primeros abanicos estaban reservados para la realeza y la nobleza, y eran considerados como un s\u00edmbolo de estatus. Desde Sanserif.es queremos extender este concepto al mercado global<\/p>\n","protected":false},"excerpt":{"rendered":"<p>\u2018Gentleman\u2019 es una nueva colecci\u00f3n de abanicos orientados al sector dise\u00f1ada por Sanserif Creatius, y producida por el maestro artesano Antonio Soldevila (Di-Abani), que pretende recuperar este complemento de moda para el hombre del siglo XXI. Esta innovadora propuesta, que se inspira en la est\u00e9tica&#8230;<\/p>\n","protected":false},"author":1,"featured_media":7470,"comment_status":"open","ping_status":"open","sticky":false,"template":"","format":"standard","meta":[],"categories":[2051],"tags":[2112,1608,3214,25,2117],"_links":{"self":[{"href":"https:\/\/www.sanserif.es\/en\/wp-json\/wp\/v2\/posts\/7560"}],"collection":[{"href":"https:\/\/www.sanserif.es\/en\/wp-json\/wp\/v2\/posts"}],"about":[{"href":"https:\/\/www.sanserif.es\/en\/wp-json\/wp\/v2\/types\/post"}],"author":[{"embeddable":true,"href":"https:\/\/www.sanserif.es\/en\/wp-json\/wp\/v2\/users\/1"}],"replies":[{"embeddable":true,"href":"https:\/\/www.sanserif.es\/en\/wp-json\/wp\/v2\/comments?post=7560"}],"version-history":[{"count":1,"href":"https:\/\/www.sanserif.es\/en\/wp-json\/wp\/v2\/posts\/7560\/revisions"}],"predecessor-version":[{"id":7720,"href":"https:\/\/www.sanserif.es\/en\/wp-json\/wp\/v2\/posts\/7560\/revisions\/7720"}],"wp:featuredmedia":[{"embeddable":true,"href":"https:\/\/www.sanserif.es\/en\/wp-json\/wp\/v2\/media\/7470"}],"wp:attachment":[{"href":"https:\/\/www.sanserif.es\/en\/wp-json\/wp\/v2\/media?parent=7560"}],"wp:term":[{"taxonomy":"category","embeddable":true,"href":"https:\/\/www.sanserif.es\/en\/wp-json\/wp\/v2\/categories?post=7560"},{"taxonomy":"post_tag","embeddable":true,"href":"https:\/\/www.sanserif.es\/en\/wp-json\/wp\/v2\/tags?post=7560"}],"curies":[{"name":"wp","href":"https:\/\/api.w.org\/{rel}","templated":true}]}}