{"id":10091,"date":"2022-11-02T13:22:55","date_gmt":"2022-11-02T13:22:55","guid":{"rendered":"https:\/\/www.sanserif.es\/?p=10091\/"},"modified":"2022-11-02T13:22:55","modified_gmt":"2022-11-02T13:22:55","slug":"the-fan-phenomenon-reaches-politics","status":"publish","type":"post","link":"https:\/\/www.sanserif.es\/en\/the-fan-phenomenon-reaches-politics\/","title":{"rendered":"The Fan Phenomenon reaches politics"},"content":{"rendered":"<p>The election campaigns have left the streets to fight over victory on social media, but the politicians image is still a relevant element. Inspired by this image while thinking about a promotion of craftwork and the historical value of a commemorative object, this series of handcrafted ceramic plates with the image of the political representatives of the Board of Les Corts Valencianes rises up.<\/p>\n<p>Carried out by Sanserif.es in the format of a traditional Manises plate, with triple baking, and an emphasis on the crimson of Les Corts emblem, with the cooperation of C\u00e9sar L\u00f3pez.<\/p>\n<p>This exclusive series is born as a gift from one of the Board members, as a memento from the shared term in office. In this series appears the president of Les Corts, Enric Xavier Morera Catal\u00e0 (Compromis); the two Vice Presidents, Mar\u00eda Jos\u00e9 Salvador Rubert (PSOE) and Jorge Bellver Casa\u00f1a (PP); the two secretaries, Cristina Cabedo Laborda (Podem) and Lu\u00eds Arquillos Cruz (Cs), just as the Chief Counsel, Francisco Visiedo Maz\u00f3n.<\/p>\n<p>Can we help you? \ud83d\udcf2\u00a0<a href=\"http:\/\/www.sanserif.es\">www.sanserif.es<\/a><\/p>\n<p>#unaimagenvalemasquemilpalabras #inspireideas #sanserifcreatius #dise\u00f1o #design #madeinspain #decoraci\u00f3n #interiorismo #marca #identidad #platoscer\u00e1micos #Manises #artesan\u00eda #LesCortsValencianes #Comprom\u00eds #PSPV #PP #Podem #Cs<\/p>\n","protected":false},"excerpt":{"rendered":"<p>The election campaigns have left the streets to fight over victory on social media, but the politicians image is still a relevant element. Inspired by this image while thinking about a promotion of craftwork and the historical value of a commemorative object, this series of&#8230;<\/p>\n","protected":false},"author":2,"featured_media":10069,"comment_status":"closed","ping_status":"open","sticky":false,"template":"","format":"standard","meta":[],"categories":[2950,2236,2942,2104],"tags":[2313,2344,3114,3497,3389,2368,2775,2399,2310,2587,2309],"_links":{"self":[{"href":"https:\/\/www.sanserif.es\/en\/wp-json\/wp\/v2\/posts\/10091"}],"collection":[{"href":"https:\/\/www.sanserif.es\/en\/wp-json\/wp\/v2\/posts"}],"about":[{"href":"https:\/\/www.sanserif.es\/en\/wp-json\/wp\/v2\/types\/post"}],"author":[{"embeddable":true,"href":"https:\/\/www.sanserif.es\/en\/wp-json\/wp\/v2\/users\/2"}],"replies":[{"embeddable":true,"href":"https:\/\/www.sanserif.es\/en\/wp-json\/wp\/v2\/comments?post=10091"}],"version-history":[{"count":1,"href":"https:\/\/www.sanserif.es\/en\/wp-json\/wp\/v2\/posts\/10091\/revisions"}],"predecessor-version":[{"id":10093,"href":"https:\/\/www.sanserif.es\/en\/wp-json\/wp\/v2\/posts\/10091\/revisions\/10093"}],"wp:featuredmedia":[{"embeddable":true,"href":"https:\/\/www.sanserif.es\/en\/wp-json\/wp\/v2\/media\/10069"}],"wp:attachment":[{"href":"https:\/\/www.sanserif.es\/en\/wp-json\/wp\/v2\/media?parent=10091"}],"wp:term":[{"taxonomy":"category","embeddable":true,"href":"https:\/\/www.sanserif.es\/en\/wp-json\/wp\/v2\/categories?post=10091"},{"taxonomy":"post_tag","embeddable":true,"href":"https:\/\/www.sanserif.es\/en\/wp-json\/wp\/v2\/tags?post=10091"}],"curies":[{"name":"wp","href":"https:\/\/api.w.org\/{rel}","templated":true}]}}